{"id":167648,"date":"2025-03-28T10:08:54","date_gmt":"2025-03-28T13:08:54","guid":{"rendered":"https:\/\/cdnoticias.com\/?p=167648"},"modified":"2025-03-28T12:36:37","modified_gmt":"2025-03-28T15:36:37","slug":"hogares-de-adultos-mayores-deficiencias-laborales-y-atencion-pauperrima","status":"publish","type":"post","link":"https:\/\/cdnoticias.com\/index.php\/2025\/03\/28\/hogares-de-adultos-mayores-deficiencias-laborales-y-atencion-pauperrima\/","title":{"rendered":"Hogares de adultos mayores: deficiencias laborales y \u201catenci\u00f3n paup\u00e9rrima\u201d"},"content":{"rendered":"<p>Lo expuso el secretario general de ATSA, Carlos Manzur, quien plante\u00f3 un grave panorama. Resalt\u00f3 que la mayor\u00eda de los establecimientos no contratan personal id\u00f3neo ni cumplen con las regulaciones laborales. El rol del Municipio y la mala relaci\u00f3n con \u201clos gremialistas\u201d.<!--more--><\/p>\n<hr \/>\n<p>El <strong>secretario general del sindicato de los Trabajadores de la Sanidad (ATSA), Carlos Manzur<\/strong>, plante\u00f3 un <strong>grave panorama de las condiciones de las residencias de adultos mayores en Olavarr\u00eda<\/strong>: plante\u00f3 no solo la <strong>falta de habilitaci\u00f3n formal<\/strong>, sino la<strong> falta de control<\/strong> sobre los servicios que se prestan. <strong>\u201cSi hablamos de atenci\u00f3n es paup\u00e9rrima\u201d<\/strong> sostuvo y consider\u00f3 que <strong>\u201chay adultos mayores en riesgo\u201d<\/strong>.<\/p>\n<p>Manzur subray\u00f3 la<strong> falta de informaci\u00f3n oficial acerca de la cantidad de hogares<\/strong> que funcionan en Olavarr\u00eda en una entrevista con el <strong>programa Levantate por Radio Sapiens (FM 102.7)<\/strong>. <em>\u201cNosotros en el a\u00f1o 2020 habl\u00e1bamos de 40 o 45 geri\u00e1tricos en Olavarr\u00eda. Pero ayer me sorprendi\u00f3 la compa\u00f1era Adriana Capuano que hablaba de alrededor de 80\u201d<\/em> dijo para remarcar que<strong> \u201cnadie sabe\u201d cu\u00e1ntos hay<\/strong>. <a href=\"https:\/\/cdnoticias.com\/index.php\/2025\/03\/27\/hogares-de-adultos-mayores-en-olavarria-es-una-situacion-preocupante-que-aqueja-a-todos-los-vecinos\/\" target=\"_blank\" rel=\"noopener\">Coincidi\u00f3 con la informaci\u00f3n que brind\u00f3 el concejal Oliver Gamondi (LLA)<\/a>, quien hab\u00eda indicado que <strong>solamente dos est\u00e1n oficialmente habilitados por el Ministerio de Salud provincial<\/strong>.<\/p>\n<p>El gremialista a\u00f1adi\u00f3 que, adem\u00e1s, <strong>\u201ctenemos muy buenos geri\u00e1tricos que no est\u00e1n habilitados por la provincia de Buenos Aires porque no trabajan con PAMI, unos 8 o 9.<\/strong> Y despu\u00e9s tenemos <strong>un hormiguero de geri\u00e1tricos o residencias de ancianos<\/strong> que al no tener chapa en la puerta, al no tener identificaci\u00f3n, <strong>desconoc\u00e9s que ah\u00ed adentro hay 6, 7, 8 abuelos\u201d.<\/strong><\/p>\n<blockquote><p>En referencia a la mayor\u00eda de los establecimientos cuya actuaci\u00f3n no est\u00e1 habilitada, el tambi\u00e9n titular de la CGT local dijo \u201csi hablamos de atenci\u00f3n es paup\u00e9rrima\u201d. Se remiti\u00f3 a las inspecciones habituales que ATSA lleva a cabo con el Ministerio de Trabajo de la provincia de Buenos Aires. \u201cLo hacemos en pos de ver la situaci\u00f3n de nuestros trabajadores -no de los internados o de los abuelos que all\u00ed est\u00e1n- vemos las condiciones. Primero y principal, que no trabajan con personal id\u00f3neo. Hablamos de un enfermero o una persona capacitada para manejar medicamentos. Con personal de cocina que haya hecho un curso de manipulaci\u00f3n de alimentos\u201d explic\u00f3.<\/p><\/blockquote>\n<p><img data-recalc-dims=\"1\" loading=\"lazy\" decoding=\"async\" class=\"size-large wp-image-100350 aligncenter\" src=\"https:\/\/i0.wp.com\/cdnoticias.com\/wp-content\/uploads\/2023\/10\/cgt-repudio-08-manzur.jpeg?resize=800%2C445&#038;ssl=1\" alt=\"\" width=\"800\" height=\"445\" srcset=\"https:\/\/i0.wp.com\/cdnoticias.com\/wp-content\/uploads\/2023\/10\/cgt-repudio-08-manzur.jpeg?resize=1024%2C569&amp;ssl=1 1024w, https:\/\/i0.wp.com\/cdnoticias.com\/wp-content\/uploads\/2023\/10\/cgt-repudio-08-manzur.jpeg?resize=300%2C167&amp;ssl=1 300w, https:\/\/i0.wp.com\/cdnoticias.com\/wp-content\/uploads\/2023\/10\/cgt-repudio-08-manzur.jpeg?resize=768%2C427&amp;ssl=1 768w, https:\/\/i0.wp.com\/cdnoticias.com\/wp-content\/uploads\/2023\/10\/cgt-repudio-08-manzur.jpeg?resize=1536%2C853&amp;ssl=1 1536w, https:\/\/i0.wp.com\/cdnoticias.com\/wp-content\/uploads\/2023\/10\/cgt-repudio-08-manzur.jpeg?resize=800%2C445&amp;ssl=1 800w, https:\/\/i0.wp.com\/cdnoticias.com\/wp-content\/uploads\/2023\/10\/cgt-repudio-08-manzur.jpeg?w=1600&amp;ssl=1 1600w\" sizes=\"auto, (max-width: 800px) 100vw, 800px\" \/><\/p>\n<p>Y ampli\u00f3 para plantear las condiciones de contrataci\u00f3n y los sueldos de los trabajadores: <strong>\u201cse ocupan trabajadoras, que la mayor\u00eda son madres con hijos a cargo que cobran planes.<\/strong> Entonces, la trabajadora no quiere que la blanqueen porque pierden los planes y <strong>el empleador se aprovecha y le paga un salario m\u00ednimo vital y m\u00f3vil<\/strong> por una jornada horaria de 8 o 12 horas. Entonces, \u00bfqu\u00e9 puede rendir ese trabajador? \u00bfQu\u00e9 se le puede brindar a un abuelo en esas condiciones?\u201d.<\/p>\n<blockquote><p>Respecto de la situaci\u00f3n de las personas alojadas, consider\u00f3 que \u201cest\u00e1n en riesgo\u201d y para graficar su postura asegur\u00f3 que en el Hospital Municipal habitualmente est\u00e1n internados pacientes que llegan desde los geri\u00e1tricos y cuya situaci\u00f3n de salud se agrav\u00f3 debido a la atenci\u00f3n deficiente. \u201cCon ir al Hospital Municipal vos vas a ver que siempre hay abuelos que vienen de los geri\u00e1tricos. Escalados, con neumon\u00eda, deshidratados, desnutridos. Nunca tienen internados menos de 4 o 5 por d\u00eda. Y son internaciones prolongadas, con el costo que eso conlleva porque son tratamientos largos y eso recae sobre el Municipio, es un costo\u201d indic\u00f3.<\/p><\/blockquote>\n<h3>El rol del Municipio<\/h3>\n<p>La<strong> habilitaci\u00f3n<\/strong> de estos establecimientos est\u00e1 a cargo del <strong>Ministerio de Salud de la provincia de Buenos Aires<\/strong>. Manzur inform\u00f3 que en el marco normativo est\u00e1 previsto que<strong> \u201cel Municipio tiene la obligaci\u00f3n de contralor, verificar que se cumplan ciertas normas\u201d<\/strong>. Aunque esa funci\u00f3n es limitada: <strong>\u201cno tiene el poder de polic\u00eda como para clausurar. Pero s\u00ed para infraccionar<\/strong> y a su vez cobra la Tasa de Seguridad e Higiene por la actividad que se lleva a cabo\u201d.<\/p>\n<p>Entonces, \u00bfel Municipio controla? \u201cYo creo que en este momento no y en el gobierno anterior much\u00edsimo menos. Nosotros <strong>hemos presentado en dos o tres oportunidades escritos para hacer visitas en conjunto con el Municipio y nunca me fueron respondidas.<\/strong> Es m\u00e1s, <em>en una oportunidad yo tengo mensajes que le mandaban desde el Municipio a los geri\u00e1tricos para que no dejaran entrar al sindicato. Grav\u00edsimo. Estoy hablando de la pandemia<\/em>\u201d denunci\u00f3 el secretario general de ATSA.<\/p>\n<p><strong>\u201cNo somos escuchados los gremialistas de Olavarr\u00eda, lamentablemente, por los compa\u00f1eros\u201d<\/strong> concluy\u00f3 Carlos Manzur.<\/p>\n","protected":false},"excerpt":{"rendered":"<p>Lo expuso el secretario general de ATSA, Carlos Manzur, quien plante\u00f3 un grave panorama. Resalt\u00f3 que la mayor\u00eda de los<\/p>\n","protected":false},"author":4,"featured_media":115658,"comment_status":"closed","ping_status":"closed","sticky":false,"template":"","format":"standard","meta":{"_jetpack_memberships_contains_paid_content":false,"footnotes":""},"categories":[5,1],"tags":[],"class_list":["post-167648","post","type-post","status-publish","format-standard","has-post-thumbnail","hentry","category-informacion-general","category-portada"],"jetpack_featured_media_url":"https:\/\/i0.wp.com\/cdnoticias.com\/wp-content\/uploads\/2024\/05\/manzur-cgt-olavarria.jpg?fit=1072%2C597&ssl=1","jetpack_sharing_enabled":true,"_links":{"self":[{"href":"https:\/\/cdnoticias.com\/index.php\/wp-json\/wp\/v2\/posts\/167648","targetHints":{"allow":["GET"]}}],"collection":[{"href":"https:\/\/cdnoticias.com\/index.php\/wp-json\/wp\/v2\/posts"}],"about":[{"href":"https:\/\/cdnoticias.com\/index.php\/wp-json\/wp\/v2\/types\/post"}],"author":[{"embeddable":true,"href":"https:\/\/cdnoticias.com\/index.php\/wp-json\/wp\/v2\/users\/4"}],"replies":[{"embeddable":true,"href":"https:\/\/cdnoticias.com\/index.php\/wp-json\/wp\/v2\/comments?post=167648"}],"version-history":[{"count":0,"href":"https:\/\/cdnoticias.com\/index.php\/wp-json\/wp\/v2\/posts\/167648\/revisions"}],"wp:featuredmedia":[{"embeddable":true,"href":"https:\/\/cdnoticias.com\/index.php\/wp-json\/wp\/v2\/media\/115658"}],"wp:attachment":[{"href":"https:\/\/cdnoticias.com\/index.php\/wp-json\/wp\/v2\/media?parent=167648"}],"wp:term":[{"taxonomy":"category","embeddable":true,"href":"https:\/\/cdnoticias.com\/index.php\/wp-json\/wp\/v2\/categories?post=167648"},{"taxonomy":"post_tag","embeddable":true,"href":"https:\/\/cdnoticias.com\/index.php\/wp-json\/wp\/v2\/tags?post=167648"}],"curies":[{"name":"wp","href":"https:\/\/api.w.org\/{rel}","templated":true}]}}