{"id":167644,"date":"2025-03-28T09:20:46","date_gmt":"2025-03-28T12:20:46","guid":{"rendered":"https:\/\/cdnoticias.com\/?p=167644"},"modified":"2025-03-28T09:20:48","modified_gmt":"2025-03-28T12:20:48","slug":"la-kreppelfest-paso-para-abril","status":"publish","type":"post","link":"https:\/\/cdnoticias.com\/index.php\/2025\/03\/28\/la-kreppelfest-paso-para-abril\/","title":{"rendered":"La Kreppelfest pas\u00f3 para abril"},"content":{"rendered":"<p>Debido al pron\u00f3stico de lluvias la tradicional fiesta en Colonia Hinojo se realizar\u00e1 los d\u00edas 5 y 6 de abril.<!--more--><\/p>\n<hr \/>\n<p>El <strong>Municipio de Olavarr\u00eda<\/strong> inform\u00f3 que, debido al <strong>pron\u00f3stico de lluvias y fuertes vientos<\/strong>, se decidi\u00f3 <strong>postergar nuevamente la realizaci\u00f3n de la Kreppelfest<\/strong>, el tradicional evento de <strong>Colonia Hinojo<\/strong> que iba a realizarse este fin de semana.<\/p>\n<p>Para garantizar el normal desarrollo del evento, que a\u00f1o a a\u00f1o convoca a multitudes que arriban desde distintos puntos del Partido y la regi\u00f3n, <strong>se reprogram\u00f3 para realizarse durante los d\u00edas s\u00e1bado 5 y domingo 6 de abril<\/strong>.<\/p>\n","protected":false},"excerpt":{"rendered":"<p>Debido al pron\u00f3stico de lluvias la tradicional fiesta en Colonia Hinojo se realizar\u00e1 los d\u00edas 5 y 6 de abril.<\/p>\n","protected":false},"author":4,"featured_media":48877,"comment_status":"closed","ping_status":"closed","sticky":false,"template":"","format":"standard","meta":{"_jetpack_memberships_contains_paid_content":false,"footnotes":""},"categories":[9,1],"tags":[],"class_list":["post-167644","post","type-post","status-publish","format-standard","has-post-thumbnail","hentry","category-cultura","category-portada"],"jetpack_featured_media_url":"https:\/\/i0.wp.com\/cdnoticias.com\/wp-content\/uploads\/2022\/03\/kreppelfest-08.jpg?fit=800%2C463&ssl=1","jetpack_sharing_enabled":true,"_links":{"self":[{"href":"https:\/\/cdnoticias.com\/index.php\/wp-json\/wp\/v2\/posts\/167644","targetHints":{"allow":["GET"]}}],"collection":[{"href":"https:\/\/cdnoticias.com\/index.php\/wp-json\/wp\/v2\/posts"}],"about":[{"href":"https:\/\/cdnoticias.com\/index.php\/wp-json\/wp\/v2\/types\/post"}],"author":[{"embeddable":true,"href":"https:\/\/cdnoticias.com\/index.php\/wp-json\/wp\/v2\/users\/4"}],"replies":[{"embeddable":true,"href":"https:\/\/cdnoticias.com\/index.php\/wp-json\/wp\/v2\/comments?post=167644"}],"version-history":[{"count":0,"href":"https:\/\/cdnoticias.com\/index.php\/wp-json\/wp\/v2\/posts\/167644\/revisions"}],"wp:featuredmedia":[{"embeddable":true,"href":"https:\/\/cdnoticias.com\/index.php\/wp-json\/wp\/v2\/media\/48877"}],"wp:attachment":[{"href":"https:\/\/cdnoticias.com\/index.php\/wp-json\/wp\/v2\/media?parent=167644"}],"wp:term":[{"taxonomy":"category","embeddable":true,"href":"https:\/\/cdnoticias.com\/index.php\/wp-json\/wp\/v2\/categories?post=167644"},{"taxonomy":"post_tag","embeddable":true,"href":"https:\/\/cdnoticias.com\/index.php\/wp-json\/wp\/v2\/tags?post=167644"}],"curies":[{"name":"wp","href":"https:\/\/api.w.org\/{rel}","templated":true}]}}