{"id":167631,"date":"2025-03-27T20:38:42","date_gmt":"2025-03-27T23:38:42","guid":{"rendered":"https:\/\/cdnoticias.com\/?p=167631"},"modified":"2025-03-28T08:35:44","modified_gmt":"2025-03-28T11:35:44","slug":"fondo-de-seguridad-para-municipios-olavarria-recibira-602-millones-de-pesos","status":"publish","type":"post","link":"https:\/\/cdnoticias.com\/index.php\/2025\/03\/27\/fondo-de-seguridad-para-municipios-olavarria-recibira-602-millones-de-pesos\/","title":{"rendered":"Fondo de Seguridad para Municipios: Olavarr\u00eda recibir\u00e1 602 millones de pesos"},"content":{"rendered":"\n<p>Recibir\u00e1 un primer desembolso de 240 millones en los pr\u00f3ximos d\u00edas. Fue tras un acto en Berazategui, donde el intendente Wesner no pudo estar por un tema personal.<\/p>\n\n\n\n<hr class=\"wp-block-separator aligncenter has-alpha-channel-opacity\"\/>\n\n\n\n<p>Este jueves, 24 horas despu\u00e9s de la firma de un convenio con la Provincia con m\u00e1s de un centenar de intendentes,<strong> se conoci\u00f3 que Olavarr\u00eda recibir\u00e1 602 millones de pesos del Fondo de Seguridad para Municipios.<\/strong><\/p>\n\n\n\n<p>Seg\u00fan se precis\u00f3 a <strong>Central de Noticias, en los pr\u00f3ximos d\u00edas se recibir\u00e1 un primer desembolso del 40% del total de fondos, es decir, de 240.800.000 millones de pesos que estar\u00e1n afectados exclusivamente para pol\u00edticas p\u00fablicas destinadas a la Seguridad.<\/strong><\/p>\n\n\n\n<figure class=\"wp-block-embed is-type-wp-embed is-provider-central-de-noticias-olavarr-a wp-block-embed-central-de-noticias-olavarr-a\"><div class=\"wp-block-embed__wrapper\">\n<blockquote class=\"wp-embedded-content\" data-secret=\"WXYevE9huX\"><a href=\"https:\/\/cdnoticias.com\/index.php\/2025\/03\/26\/kicillof-firmo-con-los-municipios-la-adhesion-al-fondo-de-fortalecimiento-en-seguridad\/\">Kicillof firm\u00f3 con los Municipios la adhesi\u00f3n al Fondo de Fortalecimiento en Seguridad<\/a><\/blockquote><iframe loading=\"lazy\" class=\"wp-embedded-content\" sandbox=\"allow-scripts\" security=\"restricted\" style=\"position: absolute; visibility: hidden;\" title=\"&#8220;Kicillof firm\u00f3 con los Municipios la adhesi\u00f3n al Fondo de Fortalecimiento en Seguridad&#8221; &#8212; Central de Noticias | Olavarr\u00eda\" src=\"https:\/\/cdnoticias.com\/index.php\/2025\/03\/26\/kicillof-firmo-con-los-municipios-la-adhesion-al-fondo-de-fortalecimiento-en-seguridad\/embed\/#?secret=7BABgJt1PC#?secret=WXYevE9huX\" data-secret=\"WXYevE9huX\" width=\"600\" height=\"338\" frameborder=\"0\" marginwidth=\"0\" marginheight=\"0\" scrolling=\"no\"><\/iframe>\n<\/div><\/figure>\n\n\n\n<p><em>\u201cNos robaron el fondo para la seguridad y ni un solo centavo se pod\u00eda invertir en otra materia. Hasta el \u00faltimo centavo del fondo para seguridad se gastaba, se invert\u00eda y se rend\u00eda. No era plata para la casta, para la pol\u00edtica. Eso se llev\u00f3 el gobierno nacional y eso denunciamos\u201d<\/em>, cuestion\u00f3 el gobernador Kicillof en el acto realizado junto a los Intendentes.<\/p>\n\n\n\n<p>Y en el mismo tono<strong>, alert\u00f3 que la inseguridad ser\u00e1 utilizada por la administraci\u00f3n libertaria para hacer \u201ccampa\u00f1a sucia y ro\u00f1osa\u201d en el a\u00f1o electoral.<\/strong><\/p>\n\n\n\n<p>En el acto, que participaron m\u00e1s de un centenar de intendentes de distintas fuerzas pol\u00edticas,<strong> no estuvo el intendente Wesner quien no pudo estar por \u201cun tema personal\u201d que fue avisado previamente a Gobernaci\u00f3n, seg\u00fan precisaron fuentes oficiales a este medio.<\/strong><\/p>\n\n\n\n<p><\/p>\n","protected":false},"excerpt":{"rendered":"<p>Recibir\u00e1 un primer desembolso de 240 millones en los pr\u00f3ximos d\u00edas. Fue tras un acto en Berazategui, donde el intendente<\/p>\n","protected":false},"author":2,"featured_media":113006,"comment_status":"closed","ping_status":"closed","sticky":false,"template":"","format":"standard","meta":{"_jetpack_memberships_contains_paid_content":false,"footnotes":""},"categories":[14,1],"tags":[],"class_list":["post-167631","post","type-post","status-publish","format-standard","has-post-thumbnail","hentry","category-policiales","category-portada"],"jetpack_featured_media_url":"https:\/\/i0.wp.com\/cdnoticias.com\/wp-content\/uploads\/2024\/04\/neumaticos-patrulleros3.jpeg?fit=800%2C445&ssl=1","jetpack_sharing_enabled":true,"_links":{"self":[{"href":"https:\/\/cdnoticias.com\/index.php\/wp-json\/wp\/v2\/posts\/167631","targetHints":{"allow":["GET"]}}],"collection":[{"href":"https:\/\/cdnoticias.com\/index.php\/wp-json\/wp\/v2\/posts"}],"about":[{"href":"https:\/\/cdnoticias.com\/index.php\/wp-json\/wp\/v2\/types\/post"}],"author":[{"embeddable":true,"href":"https:\/\/cdnoticias.com\/index.php\/wp-json\/wp\/v2\/users\/2"}],"replies":[{"embeddable":true,"href":"https:\/\/cdnoticias.com\/index.php\/wp-json\/wp\/v2\/comments?post=167631"}],"version-history":[{"count":0,"href":"https:\/\/cdnoticias.com\/index.php\/wp-json\/wp\/v2\/posts\/167631\/revisions"}],"wp:featuredmedia":[{"embeddable":true,"href":"https:\/\/cdnoticias.com\/index.php\/wp-json\/wp\/v2\/media\/113006"}],"wp:attachment":[{"href":"https:\/\/cdnoticias.com\/index.php\/wp-json\/wp\/v2\/media?parent=167631"}],"wp:term":[{"taxonomy":"category","embeddable":true,"href":"https:\/\/cdnoticias.com\/index.php\/wp-json\/wp\/v2\/categories?post=167631"},{"taxonomy":"post_tag","embeddable":true,"href":"https:\/\/cdnoticias.com\/index.php\/wp-json\/wp\/v2\/tags?post=167631"}],"curies":[{"name":"wp","href":"https:\/\/api.w.org\/{rel}","templated":true}]}}