{"id":16762,"date":"2021-03-21T15:15:44","date_gmt":"2021-03-21T18:15:44","guid":{"rendered":"http:\/\/www.centraldenoticias.com.ar\/?p=16762"},"modified":"2021-03-21T18:59:20","modified_gmt":"2021-03-21T21:59:20","slug":"interna-ucr-los-principales-candidatos-ya-emitieron-su-voto","status":"publish","type":"post","link":"https:\/\/cdnoticias.com\/index.php\/2021\/03\/21\/interna-ucr-los-principales-candidatos-ya-emitieron-su-voto\/","title":{"rendered":"Interna UCR: los principales candidatos ya emitieron su voto"},"content":{"rendered":"<p>El \u00faltimo fue Franco Illescas en horas de la tarde. Temprano por la ma\u00f1ana Gonzalo Dolagaray emiti\u00f3 su sufragio, y al mediod\u00eda \u201cBebe\u201d Lanceta. Cominotto y otras figuras radicales tambi\u00e9n votaron a lo largo del domingo.\u00a0<!--more--><\/p>\n<hr \/>\n<p><em><strong>\u201cSuperamos todas las expectativas\u201d, \u201choy es hist\u00f3rico\u201d, \u201cQu\u00e9 alegr\u00eda es ver una interna as\u00ed\u201d<\/strong> <\/em>son frases que se van recolectando en las recorridas por las escuelas habilitadas para la interna radical. Los principales candidatos ya votaron y ahora resta esperar los resultados finales cuando a las 18 horas cierren los comicios.<\/p>\n<p>&nbsp;<\/p>\n<p><strong>El \u00faltimo fue Franco Illescas<\/strong>, quien emiti\u00f3 su voto a las 15 horas, y de esta forma los candidatos ya participaron de los comicios. <strong>El primero fue Gonzalo Dolagaray<\/strong>, que vot\u00f3 a primera hora de la ma\u00f1ana, y<strong> Rub\u00e9n \u201cBebe\u201d Lanceta hizo lo propio en horas del mediod\u00eda.<\/strong><\/p>\n<p>&nbsp;<\/p>\n<p><img data-recalc-dims=\"1\" loading=\"lazy\" decoding=\"async\" class=\"alignnone size-full wp-image-16772\" src=\"https:\/\/i0.wp.com\/cdnoticias.com\/wp-content\/uploads\/2021\/03\/WhatsApp-Image-2021-03-21-at-09.54.51.jpeg?resize=800%2C539&#038;ssl=1\" alt=\"\" width=\"800\" height=\"539\" srcset=\"https:\/\/i0.wp.com\/cdnoticias.com\/wp-content\/uploads\/2021\/03\/WhatsApp-Image-2021-03-21-at-09.54.51.jpeg?w=958&amp;ssl=1 958w, https:\/\/i0.wp.com\/cdnoticias.com\/wp-content\/uploads\/2021\/03\/WhatsApp-Image-2021-03-21-at-09.54.51.jpeg?resize=300%2C202&amp;ssl=1 300w, https:\/\/i0.wp.com\/cdnoticias.com\/wp-content\/uploads\/2021\/03\/WhatsApp-Image-2021-03-21-at-09.54.51.jpeg?resize=768%2C518&amp;ssl=1 768w, https:\/\/i0.wp.com\/cdnoticias.com\/wp-content\/uploads\/2021\/03\/WhatsApp-Image-2021-03-21-at-09.54.51.jpeg?resize=272%2C182&amp;ssl=1 272w\" sizes=\"auto, (max-width: 800px) 100vw, 800px\" \/><\/p>\n<p>&nbsp;<\/p>\n<p><img data-recalc-dims=\"1\" loading=\"lazy\" decoding=\"async\" class=\"alignnone size-full wp-image-16771\" src=\"https:\/\/i0.wp.com\/cdnoticias.com\/wp-content\/uploads\/2021\/03\/WhatsApp-Image-2021-03-21-at-11.51.58.jpeg?resize=800%2C587&#038;ssl=1\" alt=\"\" width=\"800\" height=\"587\" srcset=\"https:\/\/i0.wp.com\/cdnoticias.com\/wp-content\/uploads\/2021\/03\/WhatsApp-Image-2021-03-21-at-11.51.58.jpeg?w=1280&amp;ssl=1 1280w, https:\/\/i0.wp.com\/cdnoticias.com\/wp-content\/uploads\/2021\/03\/WhatsApp-Image-2021-03-21-at-11.51.58.jpeg?resize=300%2C220&amp;ssl=1 300w, https:\/\/i0.wp.com\/cdnoticias.com\/wp-content\/uploads\/2021\/03\/WhatsApp-Image-2021-03-21-at-11.51.58.jpeg?resize=768%2C563&amp;ssl=1 768w, https:\/\/i0.wp.com\/cdnoticias.com\/wp-content\/uploads\/2021\/03\/WhatsApp-Image-2021-03-21-at-11.51.58.jpeg?resize=1024%2C751&amp;ssl=1 1024w\" sizes=\"auto, (max-width: 800px) 100vw, 800px\" \/><\/p>\n<p>&nbsp;<\/p>\n<p><img data-recalc-dims=\"1\" loading=\"lazy\" decoding=\"async\" class=\"alignnone size-full wp-image-16775\" src=\"https:\/\/i0.wp.com\/cdnoticias.com\/wp-content\/uploads\/2021\/03\/illescas.jpeg?resize=800%2C969&#038;ssl=1\" alt=\"\" width=\"800\" height=\"969\" srcset=\"https:\/\/i0.wp.com\/cdnoticias.com\/wp-content\/uploads\/2021\/03\/illescas.jpeg?w=959&amp;ssl=1 959w, https:\/\/i0.wp.com\/cdnoticias.com\/wp-content\/uploads\/2021\/03\/illescas.jpeg?resize=248%2C300&amp;ssl=1 248w, https:\/\/i0.wp.com\/cdnoticias.com\/wp-content\/uploads\/2021\/03\/illescas.jpeg?resize=768%2C930&amp;ssl=1 768w, https:\/\/i0.wp.com\/cdnoticias.com\/wp-content\/uploads\/2021\/03\/illescas.jpeg?resize=846%2C1024&amp;ssl=1 846w\" sizes=\"auto, (max-width: 800px) 100vw, 800px\" \/><\/p>\n<p>&nbsp;<\/p>\n<p>Adem\u00e1s, se vieron varias figuras del radicalismo: <strong>desde Julio \u201cChango\u201d Alem, pasando por el ex secretario de Gobierno, concejal y senador Ernesto Cladera. Franco Cominotto<\/strong>, candidato a Secretario General por la lista que encabeza Gustavo Posse, tambi\u00e9n vot\u00f3 en horas del mediod\u00eda.<\/p>\n<p>&nbsp;<\/p>\n<p><img data-recalc-dims=\"1\" loading=\"lazy\" decoding=\"async\" class=\"alignnone size-full wp-image-16769\" src=\"https:\/\/i0.wp.com\/cdnoticias.com\/wp-content\/uploads\/2021\/03\/WhatsApp-Image-2021-03-21-at-13.36.36.jpeg?resize=800%2C600&#038;ssl=1\" alt=\"\" width=\"800\" height=\"600\" srcset=\"https:\/\/i0.wp.com\/cdnoticias.com\/wp-content\/uploads\/2021\/03\/WhatsApp-Image-2021-03-21-at-13.36.36.jpeg?w=1040&amp;ssl=1 1040w, https:\/\/i0.wp.com\/cdnoticias.com\/wp-content\/uploads\/2021\/03\/WhatsApp-Image-2021-03-21-at-13.36.36.jpeg?resize=300%2C225&amp;ssl=1 300w, https:\/\/i0.wp.com\/cdnoticias.com\/wp-content\/uploads\/2021\/03\/WhatsApp-Image-2021-03-21-at-13.36.36.jpeg?resize=768%2C576&amp;ssl=1 768w, https:\/\/i0.wp.com\/cdnoticias.com\/wp-content\/uploads\/2021\/03\/WhatsApp-Image-2021-03-21-at-13.36.36.jpeg?resize=1024%2C768&amp;ssl=1 1024w\" sizes=\"auto, (max-width: 800px) 100vw, 800px\" \/><\/p>\n<p>&nbsp;<\/p>\n<p>Con buena afluencia de afiliados, ahora solo resta la \u00faltima tanda de asistentes para que <strong>desde las 18 horas sea el momento de contar los votos y definir qui\u00e9n ser\u00e1 el nuevo presidente del comit\u00e9 local del radicalismo.<\/strong><\/p>\n","protected":false},"excerpt":{"rendered":"<p>El \u00faltimo fue Franco Illescas en horas de la tarde. Temprano por la ma\u00f1ana Gonzalo Dolagaray emiti\u00f3 su sufragio, y<\/p>\n","protected":false},"author":2,"featured_media":16765,"comment_status":"closed","ping_status":"closed","sticky":false,"template":"","format":"standard","meta":{"_jetpack_memberships_contains_paid_content":false,"footnotes":""},"categories":[4,1],"tags":[],"class_list":["post-16762","post","type-post","status-publish","format-standard","has-post-thumbnail","hentry","category-politica","category-portada"],"jetpack_featured_media_url":"https:\/\/i0.wp.com\/cdnoticias.com\/wp-content\/uploads\/2021\/03\/voto-interna-radical.jpg?fit=1028%2C724&ssl=1","jetpack_sharing_enabled":true,"_links":{"self":[{"href":"https:\/\/cdnoticias.com\/index.php\/wp-json\/wp\/v2\/posts\/16762","targetHints":{"allow":["GET"]}}],"collection":[{"href":"https:\/\/cdnoticias.com\/index.php\/wp-json\/wp\/v2\/posts"}],"about":[{"href":"https:\/\/cdnoticias.com\/index.php\/wp-json\/wp\/v2\/types\/post"}],"author":[{"embeddable":true,"href":"https:\/\/cdnoticias.com\/index.php\/wp-json\/wp\/v2\/users\/2"}],"replies":[{"embeddable":true,"href":"https:\/\/cdnoticias.com\/index.php\/wp-json\/wp\/v2\/comments?post=16762"}],"version-history":[{"count":0,"href":"https:\/\/cdnoticias.com\/index.php\/wp-json\/wp\/v2\/posts\/16762\/revisions"}],"wp:featuredmedia":[{"embeddable":true,"href":"https:\/\/cdnoticias.com\/index.php\/wp-json\/wp\/v2\/media\/16765"}],"wp:attachment":[{"href":"https:\/\/cdnoticias.com\/index.php\/wp-json\/wp\/v2\/media?parent=16762"}],"wp:term":[{"taxonomy":"category","embeddable":true,"href":"https:\/\/cdnoticias.com\/index.php\/wp-json\/wp\/v2\/categories?post=16762"},{"taxonomy":"post_tag","embeddable":true,"href":"https:\/\/cdnoticias.com\/index.php\/wp-json\/wp\/v2\/tags?post=16762"}],"curies":[{"name":"wp","href":"https:\/\/api.w.org\/{rel}","templated":true}]}}