{"id":167598,"date":"2025-03-27T17:07:10","date_gmt":"2025-03-27T20:07:10","guid":{"rendered":"https:\/\/cdnoticias.com\/?p=167598"},"modified":"2025-03-27T17:07:12","modified_gmt":"2025-03-27T20:07:12","slug":"basquet-el-intendente-entrego-subsidios-a-clubes-del-partido","status":"publish","type":"post","link":"https:\/\/cdnoticias.com\/index.php\/2025\/03\/27\/basquet-el-intendente-entrego-subsidios-a-clubes-del-partido\/","title":{"rendered":"B\u00e1squet: el Intendente entreg\u00f3 subsidios a clubes del Partido"},"content":{"rendered":"\n<p>La intenci\u00f3n es fortalecer la disciplina a trav\u00e9s del apoyo para transporte y material deportivo. La iniciativa es una gesti\u00f3n conjunta con la ABO.<\/p>\n\n\n\n<hr class=\"wp-block-separator has-alpha-channel-opacity\"\/>\n\n\n\n<p>Este jueves por la ma\u00f1ana, en el Sal\u00f3n Blanco del Municipio de Olavarr\u00eda, el Intendente Maximiliano Wesner, junto a referentes del \u00e1rea de Deportes y la Asociaci\u00f3n de B\u00e1squet de Olavarr\u00eda, hizo entrega de un <strong>subsidio para clubes del Partido de Olavarr\u00eda, el cual contempla una ayuda en materia de transporte y materiales deportivos para la disciplina de b\u00e1squet.<\/strong><\/p>\n\n\n\n<p><\/p>\n\n\n\n<p>La iniciativa es una gesti\u00f3n conjunta entre el Municipio de Olavarr\u00eda y Asociaci\u00f3n de B\u00e1squet de Olavarr\u00eda (ABO). <strong>El monto total entregado fue de 14 millones de pesos repartidos equitativamente entre siete clubes: Estudiantes, Racing, Pueblo Nuevo, Loma Negra, Sierras Bayas, El Fort\u00edn y Ferro.<\/strong><\/p>\n\n\n\n<p><\/p>\n\n\n\n<figure class=\"wp-block-image size-large is-resized\"><img data-recalc-dims=\"1\" loading=\"lazy\" decoding=\"async\" width=\"800\" height=\"532\" src=\"https:\/\/i0.wp.com\/cdnoticias.com\/wp-content\/uploads\/2025\/03\/Alta-Resolucion-45-scaled-1.jpg?resize=800%2C532&#038;ssl=1\" alt=\"\" class=\"wp-image-167602\" style=\"width:762px;height:auto\" srcset=\"https:\/\/i0.wp.com\/cdnoticias.com\/wp-content\/uploads\/2025\/03\/Alta-Resolucion-45-scaled-1.jpg?resize=1024%2C681&amp;ssl=1 1024w, https:\/\/i0.wp.com\/cdnoticias.com\/wp-content\/uploads\/2025\/03\/Alta-Resolucion-45-scaled-1.jpg?resize=300%2C200&amp;ssl=1 300w, https:\/\/i0.wp.com\/cdnoticias.com\/wp-content\/uploads\/2025\/03\/Alta-Resolucion-45-scaled-1.jpg?resize=768%2C511&amp;ssl=1 768w, https:\/\/i0.wp.com\/cdnoticias.com\/wp-content\/uploads\/2025\/03\/Alta-Resolucion-45-scaled-1.jpg?resize=1536%2C1022&amp;ssl=1 1536w, https:\/\/i0.wp.com\/cdnoticias.com\/wp-content\/uploads\/2025\/03\/Alta-Resolucion-45-scaled-1.jpg?resize=2048%2C1362&amp;ssl=1 2048w, https:\/\/i0.wp.com\/cdnoticias.com\/wp-content\/uploads\/2025\/03\/Alta-Resolucion-45-scaled-1.jpg?resize=272%2C182&amp;ssl=1 272w, https:\/\/i0.wp.com\/cdnoticias.com\/wp-content\/uploads\/2025\/03\/Alta-Resolucion-45-scaled-1.jpg?w=1600&amp;ssl=1 1600w, https:\/\/i0.wp.com\/cdnoticias.com\/wp-content\/uploads\/2025\/03\/Alta-Resolucion-45-scaled-1.jpg?w=2400&amp;ssl=1 2400w\" sizes=\"auto, (max-width: 800px) 100vw, 800px\" \/><\/figure>\n\n\n\n<p><\/p>\n\n\n\n<p>El acto de entrega cont\u00f3 con la presencia de responsables municipales como Juan Pablo Arouxet, Subsecretario de Deportes; Enzo Jarrie, Director de Gesti\u00f3n Deportiva; Pablo Coniglio, Director de Deporte Social; y delegados de las subcomisiones de b\u00e1squet y presidentes de las instituciones que integran el ABO, encabezados por el presidente de la asociaci\u00f3n, Diego Lancione.<\/p>\n\n\n\n<p><\/p>\n\n\n\n<p><strong>Juan Pablo Arouxet <\/strong>explic\u00f3 que \u201cesto que vamos a entregar hoy tiene que ver con una resignificaci\u00f3n, darle otra mirada a lo que se ven\u00eda haciendo hasta el a\u00f1o pasado, cuando la municipalidad subsidiaba los kil\u00f3metros, se los entregaba a la ABO, y esta los distribu\u00eda a los distintos clubes, de acuerdo a los que ten\u00edan que viajar en el primer semestre, y lo mismo se hac\u00eda en el segundo semestre\u201d.<\/p>\n\n\n\n<p><\/p>\n\n\n\n<p>Con esta nueva perspectiva, el Subsecretario de Deportes afirm\u00f3 que el subsidio entregado este jueves \u201ctiene que ver con una pol\u00edtica p\u00fablica de <strong>fortalecimiento al deporte formativo, <\/strong>que creemos es mucho m\u00e1s inclusiva que la de contar los kil\u00f3metros nosotros y d\u00e1rselos a ustedes, que sean quienes decidan en qu\u00e9 invertir este recurso\u201d.<\/p>\n\n\n\n<figure class=\"wp-block-image size-large is-resized\"><img data-recalc-dims=\"1\" loading=\"lazy\" decoding=\"async\" width=\"800\" height=\"532\" src=\"https:\/\/i0.wp.com\/cdnoticias.com\/wp-content\/uploads\/2025\/03\/Alta-Resolucion-53-scaled-1.jpg?resize=800%2C532&#038;ssl=1\" alt=\"\" class=\"wp-image-167599\" style=\"width:783px;height:auto\" srcset=\"https:\/\/i0.wp.com\/cdnoticias.com\/wp-content\/uploads\/2025\/03\/Alta-Resolucion-53-scaled-1.jpg?resize=1024%2C681&amp;ssl=1 1024w, https:\/\/i0.wp.com\/cdnoticias.com\/wp-content\/uploads\/2025\/03\/Alta-Resolucion-53-scaled-1.jpg?resize=300%2C200&amp;ssl=1 300w, https:\/\/i0.wp.com\/cdnoticias.com\/wp-content\/uploads\/2025\/03\/Alta-Resolucion-53-scaled-1.jpg?resize=768%2C511&amp;ssl=1 768w, https:\/\/i0.wp.com\/cdnoticias.com\/wp-content\/uploads\/2025\/03\/Alta-Resolucion-53-scaled-1.jpg?resize=1536%2C1022&amp;ssl=1 1536w, https:\/\/i0.wp.com\/cdnoticias.com\/wp-content\/uploads\/2025\/03\/Alta-Resolucion-53-scaled-1.jpg?resize=2048%2C1362&amp;ssl=1 2048w, https:\/\/i0.wp.com\/cdnoticias.com\/wp-content\/uploads\/2025\/03\/Alta-Resolucion-53-scaled-1.jpg?resize=272%2C182&amp;ssl=1 272w, https:\/\/i0.wp.com\/cdnoticias.com\/wp-content\/uploads\/2025\/03\/Alta-Resolucion-53-scaled-1.jpg?w=1600&amp;ssl=1 1600w, https:\/\/i0.wp.com\/cdnoticias.com\/wp-content\/uploads\/2025\/03\/Alta-Resolucion-53-scaled-1.jpg?w=2400&amp;ssl=1 2400w\" sizes=\"auto, (max-width: 800px) 100vw, 800px\" \/><\/figure>\n\n\n\n<p><\/p>\n\n\n\n<p>Inmediatamente, fue el mismo <strong>intendente Maximiliano Wesner<\/strong> quien tom\u00f3 la palabra para dar las \u201cgracias a ABO, gracias dirigentes, profes de los distintos clubes por la presencia, por el compromiso\u201d. \u201cEs el momento de compartir una idea que tenemos y se transforma en un subsidio, con mucha creatividad, en este momento cr\u00edtico, que puedan tener un recurso pr\u00e1cticamente de libre disponibilidad, para la formativa de clubes\u201d, continu\u00f3 Maximiliano Wesner.<\/p>\n\n\n\n<p><\/p>\n\n\n\n<p>\u201cAnunciamos en paralelo dos cuestiones, que tienen que ver con los clubes, no solamente con el b\u00e1squet sino con la instituci\u00f3n en s\u00ed, que son 200 millones de pesos para infraestructura y 200 millones de pesos para material deportivo\u201d, agreg\u00f3 Wesner, recordando el <strong>anuncio realizado semanas atr\u00e1s en el marco del inicio de la sesiones ordinarias del HCD. <\/strong>Al mismo tiempo, afirm\u00f3 que \u201csiempre nos gusta trabajar de manera conjunta con los clubes para ver realmente sus necesidades, cuestiones que hay que terminar de definir, pero la decisi\u00f3n de respaldo pol\u00edtico a los clubes est\u00e1 porque sabemos del laburo que hacen todos los d\u00edas, el esfuerzo y el compromiso que tienen\u201d.<\/p>\n\n\n\n<p><\/p>\n\n\n\n<p>En este sentido, el Intendente explic\u00f3 que <strong>\u201cliberar los fondos para que ustedes los administren me parece una gran idea para optimizar el rendimiento para las formativas de b\u00e1squet\u201d.<\/strong><\/p>\n\n\n\n<p><\/p>\n\n\n\n<p>\u201cNo todo es econ\u00f3mico, no todo es dinero, hay otros recursos que se pueden articular, que lo venimos haciendo aun desde antes de ser gesti\u00f3n, para con el deporte, para con los clubes, para con las instituciones, y estar en permanente contacto\u201d, concluy\u00f3 Wesner.<\/p>\n\n\n\n<p><\/p>\n\n\n\n<figure class=\"wp-block-image size-large is-resized\"><img data-recalc-dims=\"1\" loading=\"lazy\" decoding=\"async\" width=\"800\" height=\"532\" src=\"https:\/\/i0.wp.com\/cdnoticias.com\/wp-content\/uploads\/2025\/03\/Alta-Resolucion-63-scaled-1.jpg?resize=800%2C532&#038;ssl=1\" alt=\"\" class=\"wp-image-167601\" style=\"width:734px;height:auto\" srcset=\"https:\/\/i0.wp.com\/cdnoticias.com\/wp-content\/uploads\/2025\/03\/Alta-Resolucion-63-scaled-1.jpg?resize=1024%2C681&amp;ssl=1 1024w, https:\/\/i0.wp.com\/cdnoticias.com\/wp-content\/uploads\/2025\/03\/Alta-Resolucion-63-scaled-1.jpg?resize=300%2C200&amp;ssl=1 300w, https:\/\/i0.wp.com\/cdnoticias.com\/wp-content\/uploads\/2025\/03\/Alta-Resolucion-63-scaled-1.jpg?resize=768%2C511&amp;ssl=1 768w, https:\/\/i0.wp.com\/cdnoticias.com\/wp-content\/uploads\/2025\/03\/Alta-Resolucion-63-scaled-1.jpg?resize=1536%2C1022&amp;ssl=1 1536w, https:\/\/i0.wp.com\/cdnoticias.com\/wp-content\/uploads\/2025\/03\/Alta-Resolucion-63-scaled-1.jpg?resize=2048%2C1362&amp;ssl=1 2048w, https:\/\/i0.wp.com\/cdnoticias.com\/wp-content\/uploads\/2025\/03\/Alta-Resolucion-63-scaled-1.jpg?resize=272%2C182&amp;ssl=1 272w, https:\/\/i0.wp.com\/cdnoticias.com\/wp-content\/uploads\/2025\/03\/Alta-Resolucion-63-scaled-1.jpg?w=1600&amp;ssl=1 1600w, https:\/\/i0.wp.com\/cdnoticias.com\/wp-content\/uploads\/2025\/03\/Alta-Resolucion-63-scaled-1.jpg?w=2400&amp;ssl=1 2400w\" sizes=\"auto, (max-width: 800px) 100vw, 800px\" \/><\/figure>\n\n\n\n<p><\/p>\n\n\n\n<p>Por \u00faltimo, <strong>Pablo Coniglio, Director de Deporte Social del Municipio, <\/strong>expres\u00f3 a los representantes de los clubes que \u201csepan que estamos pensando constantemente en c\u00f3mo mejorar lo que les llega a ustedes, las propuestas que hay en Olavarr\u00eda para los chicos. Y obviamente las puertas de la direcci\u00f3n de deportes est\u00e1n abiertas para cualquier inquietud\u201d.<\/p>\n\n\n\n<p><\/p>\n\n\n\n<p>Cabe recordar que el Municipio de Olavarr\u00eda acompa\u00f1a y fomenta la disciplina de b\u00e1squet a partir de distintas pol\u00edticas y medidas. Entre ellas se encuentra la Escuela Municipal de B\u00e1squet que se brinda en distintos espacios de la ciudad y el Partido, con la novedad que este a\u00f1o incorpora a Hinojo; los Encuentros 3\u00d73, una iniciativa que se inici\u00f3 en el marco del Programa Olavarr\u00eda en Verano y que ahora ser\u00e1 parte de la propuesta sistem\u00e1tica de la Subsecretar\u00eda; y la organizaci\u00f3n de la Copa Olavarr\u00eda con el objetivo de acompa\u00f1ar a chicos en su transici\u00f3n de escuelita a divisiones formativas.<\/p>\n","protected":false},"excerpt":{"rendered":"<p>La intenci\u00f3n es fortalecer la disciplina a trav\u00e9s del apoyo para transporte y material deportivo. La iniciativa es una gesti\u00f3n<\/p>\n","protected":false},"author":5,"featured_media":167600,"comment_status":"closed","ping_status":"closed","sticky":false,"template":"","format":"standard","meta":{"_jetpack_memberships_contains_paid_content":false,"footnotes":""},"categories":[5,1],"tags":[],"class_list":["post-167598","post","type-post","status-publish","format-standard","has-post-thumbnail","hentry","category-informacion-general","category-portada"],"jetpack_featured_media_url":"https:\/\/i0.wp.com\/cdnoticias.com\/wp-content\/uploads\/2025\/03\/Alta-Resolucion-56-scaled-1-e1743099263139.jpg?fit=800%2C460&ssl=1","jetpack_sharing_enabled":true,"_links":{"self":[{"href":"https:\/\/cdnoticias.com\/index.php\/wp-json\/wp\/v2\/posts\/167598","targetHints":{"allow":["GET"]}}],"collection":[{"href":"https:\/\/cdnoticias.com\/index.php\/wp-json\/wp\/v2\/posts"}],"about":[{"href":"https:\/\/cdnoticias.com\/index.php\/wp-json\/wp\/v2\/types\/post"}],"author":[{"embeddable":true,"href":"https:\/\/cdnoticias.com\/index.php\/wp-json\/wp\/v2\/users\/5"}],"replies":[{"embeddable":true,"href":"https:\/\/cdnoticias.com\/index.php\/wp-json\/wp\/v2\/comments?post=167598"}],"version-history":[{"count":0,"href":"https:\/\/cdnoticias.com\/index.php\/wp-json\/wp\/v2\/posts\/167598\/revisions"}],"wp:featuredmedia":[{"embeddable":true,"href":"https:\/\/cdnoticias.com\/index.php\/wp-json\/wp\/v2\/media\/167600"}],"wp:attachment":[{"href":"https:\/\/cdnoticias.com\/index.php\/wp-json\/wp\/v2\/media?parent=167598"}],"wp:term":[{"taxonomy":"category","embeddable":true,"href":"https:\/\/cdnoticias.com\/index.php\/wp-json\/wp\/v2\/categories?post=167598"},{"taxonomy":"post_tag","embeddable":true,"href":"https:\/\/cdnoticias.com\/index.php\/wp-json\/wp\/v2\/tags?post=167598"}],"curies":[{"name":"wp","href":"https:\/\/api.w.org\/{rel}","templated":true}]}}