{"id":167579,"date":"2025-03-27T10:58:19","date_gmt":"2025-03-27T13:58:19","guid":{"rendered":"https:\/\/cdnoticias.com\/?p=167579"},"modified":"2025-03-27T12:05:14","modified_gmt":"2025-03-27T15:05:14","slug":"contra-kicillof-el-kirchnerismo-presento-un-proyecto-para-que-no-se-desdoblen-las-elecciones","status":"publish","type":"post","link":"https:\/\/cdnoticias.com\/index.php\/2025\/03\/27\/contra-kicillof-el-kirchnerismo-presento-un-proyecto-para-que-no-se-desdoblen-las-elecciones\/","title":{"rendered":"Contra Kicillof: el kirchnerismo present\u00f3 un proyecto para que no se desdoblen las elecciones"},"content":{"rendered":"<p>El proyecto plantea atar las elecciones provinciales a la nacionales, a la vez que avanza en la suspensi\u00f3n de las PASO. El gobernador reclama esta \u00faltima medida, aunque quiere desdoblar y que se vote antes.<!--more--><\/p>\n<hr \/>\n<p><strong>El kirchnerismo present\u00f3 este mi\u00e9rcoles en la C\u00e1mara de Senadores<\/strong> un proyecto de Ley para <strong>atar las elecciones bonaerenses a la nacionales<\/strong> y, de ese modo, evitar el <a href=\"https:\/\/cdnoticias.com\/index.php\/2025\/03\/15\/kicillof-convoco-a-las-paso-para-el-13-de-julio-pero-pidio-suspenderlas\/\" target=\"_blank\" rel=\"noopener\">desdoblamiento que impulsa el gobernador Axel Kicillof<\/a>.<\/p>\n<p>El proyecto, que lleva la <strong>firma de la senadora Teresa Garc\u00eda -muy cercana a Cristina Fern\u00e1ndez de Kirchner-, establece el freno al desdoblamiento<\/strong> junto con la <strong>suspensi\u00f3n de las PASO en la provincia<\/strong>.<\/p>\n<blockquote class=\"wp-embedded-content\" data-secret=\"sTgeWuewVF\"><p><a href=\"https:\/\/cdnoticias.com\/index.php\/2025\/02\/19\/kicillof-sobre-el-desdoblamiento-el-voto-simultaneo-es-un-caos\/\">Kicillof sobre el desdoblamiento: \u201cel voto simult\u00e1neo es un caos\u201d<\/a><\/p><\/blockquote>\n<p><iframe loading=\"lazy\" class=\"wp-embedded-content\" sandbox=\"allow-scripts\" security=\"restricted\" style=\"position: absolute; visibility: hidden;\" title=\"&#8220;Kicillof sobre el desdoblamiento: \u201cel voto simult\u00e1neo es un caos\u201d&#8221; &#8212; Central de Noticias | Olavarr\u00eda\" src=\"https:\/\/cdnoticias.com\/index.php\/2025\/02\/19\/kicillof-sobre-el-desdoblamiento-el-voto-simultaneo-es-un-caos\/embed\/#?secret=OSQ84Khe4n#?secret=sTgeWuewVF\" data-secret=\"sTgeWuewVF\" width=\"600\" height=\"338\" frameborder=\"0\" marginwidth=\"0\" marginheight=\"0\" scrolling=\"no\"><\/iframe><\/p>\n<blockquote><p>En los hechos, al fijar como d\u00eda obligatorio en la provincia aquel en que se hagan los comicios nacionales, le quita al gobernador la posibilidad que hoy tiene de establecer la fecha de las elecciones por decreto. As\u00ed, Kicillof no podr\u00eda desdoblar.<\/p><\/blockquote>\n<p>La iniciativa fue<strong> respaldada adem\u00e1s por los y las senadoras y senadores<\/strong> <em>Bastida, Berni, Soos, Vivona, Clark, Defunchio, Gonz\u00e1lez Santalla, Curi, Demaria, Santarelli, Mart\u00ednez, Torchio y Viera Se trata de los 15 alineados con Cristina y M\u00e1ximo Kirchner en la pelea contra Kicillof. Tambi\u00e9n firm\u00f3 la senadora de Frene Renovador Sof\u00eda Vanelli<\/em>, lo que pareci\u00f3 indicar un apoyo de Sergio Massa a la movida. Fuentes de ese espacio no lo negaron, pero insistieron ante la consulta de DIB en que su objetivo es<strong> \u201clograr un acuerdo con todos los actores adentro\u201d<\/strong>.<\/p>\n<blockquote class=\"twitter-tweet\">\n<p dir=\"ltr\" lang=\"es\">UNA SOLA NACI\u00d3N, UNA SOLA PROVINCIA, UNA SOLA ELECCI\u00d3N.<br \/>\nPresentamos el proyecto de suspensi\u00f3n de las EPAOS en la PBA, y la convocatoria a elecciones para Senadores y Diputados Prov, Concejales y Consejeros Escolares; en la misma fecha y en concurrencia con la elecci\u00f3n nacional. <a href=\"https:\/\/t.co\/A3BSOszCed\">pic.twitter.com\/A3BSOszCed<\/a><\/p>\n<p>\u2014 Maria Teresa Garcia (@TereGarciaOK) <a href=\"https:\/\/twitter.com\/TereGarciaOK\/status\/1904980516215869518?ref_src=twsrc%5Etfw\">March 26, 2025<\/a><\/p><\/blockquote>\n<p><script async src=\"https:\/\/platform.twitter.com\/widgets.js\" charset=\"utf-8\"><\/script><\/p>\n<p><strong>\u201cUna sola Naci\u00f3n, una sola Provincia, una sola elecci\u00f3n\u201d<\/strong>, escribi\u00f3 Garc\u00eda al difundir el proyecto.<\/p>\n<blockquote><p>La movida provoc\u00f3 tensi\u00f3n extrema en el peronismo. \u201cEstamos al borde del enfrentamiento definitivo\u201d, dijo a DIB un legislador del kicillofismo. \u201cSi hay desdoblamiento se pudre todo\u201d, definieron, sin eufemismos, en el campamento cristinista.<\/p><\/blockquote>\n<p>Garc\u00eda avanz\u00f3 apenas horas despu\u00e9s de que se conociera <strong>una reuni\u00f3n entre Axel Kicillof, M\u00e1ximo Kirchner y Sergio Massa<\/strong> -que no es reconocida oficialmente por ninguno de ellos- en la que habr\u00edan comenzado a debatir la posibilidad de un acuerdo sobre qu\u00e9 hacer con las PASO, un expediente que est\u00e1 directamente ligado al desdoblamiento. El proyecto de la senadora cristinista confirma que all\u00ed no hubo acuerdos.<\/p>\n<figure id=\"attachment_7035\" aria-describedby=\"caption-attachment-7035\" style=\"width: 800px\" class=\"wp-caption aligncenter\"><img data-recalc-dims=\"1\" loading=\"lazy\" decoding=\"async\" class=\"wp-image-7035\" src=\"https:\/\/i0.wp.com\/cdnoticias.com\/wp-content\/uploads\/2020\/11\/TG.jpg?resize=800%2C533&#038;ssl=1\" alt=\"\" width=\"800\" height=\"533\" srcset=\"https:\/\/i0.wp.com\/cdnoticias.com\/wp-content\/uploads\/2020\/11\/TG.jpg?w=960&amp;ssl=1 960w, https:\/\/i0.wp.com\/cdnoticias.com\/wp-content\/uploads\/2020\/11\/TG.jpg?resize=300%2C200&amp;ssl=1 300w, https:\/\/i0.wp.com\/cdnoticias.com\/wp-content\/uploads\/2020\/11\/TG.jpg?resize=768%2C512&amp;ssl=1 768w, https:\/\/i0.wp.com\/cdnoticias.com\/wp-content\/uploads\/2020\/11\/TG.jpg?resize=272%2C182&amp;ssl=1 272w\" sizes=\"auto, (max-width: 800px) 100vw, 800px\" \/><figcaption id=\"caption-attachment-7035\" class=\"wp-caption-text\">Senadora Teresa Garc\u00eda, UxP.<\/figcaption><\/figure>\n<p>El articulado de Garc\u00eda, al aceptar la suspensi\u00f3n de las PASO, <strong>agita la posibilidad de un acuerdo del cristinismo con la oposici\u00f3n<\/strong> porque bancadas como <strong>La Libertad Avanza o <a href=\"https:\/\/cdnoticias.com\/index.php\/2025\/03\/20\/martin-endere-la-campora-se-niega-a-suspender-las-paso\/\" target=\"_blank\" rel=\"noopener\">PRO<\/a> tienen inter\u00e9s en eliminar las primarias<\/strong> y no est\u00e1n tan preocupadas por la posibilidad de que las elecciones sean concurrentes. Pero <strong>en el kicillofismo conf\u00edan en que ese entendimiento es inviable<\/strong> porque son <strong>pocos los intendentes que quieren comicios unificados<\/strong> y ordenar\u00e1n a sus legisladores no acompa\u00f1ar.<\/p>\n<p>A la vez, <strong>este jueves hay convocada una sesi\u00f3n en Diputados<\/strong> que est\u00e1 cruzada por la cuesti\u00f3n de la suspensi\u00f3n de las PASO. Luego de que se cayera un encuentro previo, la semana pasada, ahora algunos legisladores confiaban en<strong> tratar un proyecto para suspender las primaras -no dice nada sobre el desdoblamiento- presentado por la legisladora Susana Gonz\u00e1lez, alineada con el gobernador<\/strong>.<\/p>\n<p>Pero con el correr de las horas <strong>esa posibilidad se diluy\u00f3<\/strong>, debido a que no existe un acuerdo general sobre la estrategia electoral que suscriban Massa, Kirchner y Kicillof. Por eso, la iniciativa no tiene dictamen de todas las comisiones que deber\u00e1n d\u00e1rselo y solo podr\u00eda avanzar con una mayor\u00eda de dos tercios que Kicillof no puede alcanzar sin el respaldo del Frente Renovador y el Instituto Patria.<\/p>\n<p>Fuente: <em>Agencia DIB<\/em><\/p>\n<blockquote class=\"wp-embedded-content\" data-secret=\"XprfoPmx7b\"><p><a href=\"https:\/\/cdnoticias.com\/index.php\/2025\/03\/15\/las-elecciones-nacionales-seran-el-26-de-octubre-la-justicia-definio-el-cronograma\/\">Las elecciones nacionales ser\u00e1n el 26 de octubre: la Justicia defini\u00f3 el cronograma<\/a><\/p><\/blockquote>\n<p><iframe loading=\"lazy\" class=\"wp-embedded-content\" sandbox=\"allow-scripts\" security=\"restricted\" style=\"position: absolute; visibility: hidden;\" title=\"&#8220;Las elecciones nacionales ser\u00e1n el 26 de octubre: la Justicia defini\u00f3 el cronograma&#8221; &#8212; Central de Noticias | Olavarr\u00eda\" src=\"https:\/\/cdnoticias.com\/index.php\/2025\/03\/15\/las-elecciones-nacionales-seran-el-26-de-octubre-la-justicia-definio-el-cronograma\/embed\/#?secret=Gn7sExYfGL#?secret=XprfoPmx7b\" data-secret=\"XprfoPmx7b\" width=\"600\" height=\"338\" frameborder=\"0\" marginwidth=\"0\" marginheight=\"0\" scrolling=\"no\"><\/iframe><\/p>\n","protected":false},"excerpt":{"rendered":"<p>El proyecto plantea atar las elecciones provinciales a la nacionales, a la vez que avanza en la suspensi\u00f3n de las<\/p>\n","protected":false},"author":4,"featured_media":165747,"comment_status":"closed","ping_status":"closed","sticky":false,"template":"","format":"standard","meta":{"_jetpack_memberships_contains_paid_content":false,"footnotes":""},"categories":[4,1],"tags":[],"class_list":["post-167579","post","type-post","status-publish","format-standard","has-post-thumbnail","hentry","category-politica","category-portada"],"jetpack_featured_media_url":"https:\/\/i0.wp.com\/cdnoticias.com\/wp-content\/uploads\/2025\/03\/legislatura-apertura-de-sesiones-kicillof-6.jpg?fit=1000%2C557&ssl=1","jetpack_sharing_enabled":true,"_links":{"self":[{"href":"https:\/\/cdnoticias.com\/index.php\/wp-json\/wp\/v2\/posts\/167579","targetHints":{"allow":["GET"]}}],"collection":[{"href":"https:\/\/cdnoticias.com\/index.php\/wp-json\/wp\/v2\/posts"}],"about":[{"href":"https:\/\/cdnoticias.com\/index.php\/wp-json\/wp\/v2\/types\/post"}],"author":[{"embeddable":true,"href":"https:\/\/cdnoticias.com\/index.php\/wp-json\/wp\/v2\/users\/4"}],"replies":[{"embeddable":true,"href":"https:\/\/cdnoticias.com\/index.php\/wp-json\/wp\/v2\/comments?post=167579"}],"version-history":[{"count":0,"href":"https:\/\/cdnoticias.com\/index.php\/wp-json\/wp\/v2\/posts\/167579\/revisions"}],"wp:featuredmedia":[{"embeddable":true,"href":"https:\/\/cdnoticias.com\/index.php\/wp-json\/wp\/v2\/media\/165747"}],"wp:attachment":[{"href":"https:\/\/cdnoticias.com\/index.php\/wp-json\/wp\/v2\/media?parent=167579"}],"wp:term":[{"taxonomy":"category","embeddable":true,"href":"https:\/\/cdnoticias.com\/index.php\/wp-json\/wp\/v2\/categories?post=167579"},{"taxonomy":"post_tag","embeddable":true,"href":"https:\/\/cdnoticias.com\/index.php\/wp-json\/wp\/v2\/tags?post=167579"}],"curies":[{"name":"wp","href":"https:\/\/api.w.org\/{rel}","templated":true}]}}