{"id":167557,"date":"2025-03-26T20:22:45","date_gmt":"2025-03-26T23:22:45","guid":{"rendered":"https:\/\/cdnoticias.com\/?p=167557"},"modified":"2025-03-26T20:23:58","modified_gmt":"2025-03-26T23:23:58","slug":"presentaron-oficialmente-la-15-edicion-de-kinewn","status":"publish","type":"post","link":"https:\/\/cdnoticias.com\/index.php\/2025\/03\/26\/presentaron-oficialmente-la-15-edicion-de-kinewn\/","title":{"rendered":"Presentaron oficialmente la 15\u00b0 edici\u00f3n de Ki\u00f1ewn"},"content":{"rendered":"\n<p>Ser\u00e1 el pr\u00f3ximo domingo en Colonia San Miguel, a beneficio de la Escuela Especial 505. Particip\u00f3 el Intendente, funcionarios e integrantes de la comunidad educativa.<\/p>\n\n\n\n<hr class=\"wp-block-separator aligncenter has-alpha-channel-opacity\"\/>\n\n\n\n<p><em><strong>\u201cEs un evento muy importante, pero con un valor muy significativo, ten\u00edamos la obligaci\u00f3n como Municipio de estar presentes\u201d. <\/strong><\/em>De esa manera el intendente Maximiliano Wesner se pronunci\u00f3 en la tarde del \u00faltimo mi\u00e9rcoles en el marco de la presentaci\u00f3n de la<strong> 15\u00b0 edici\u00f3n de la Kinewn, la tradicional carrera de mountain bike que se desarrollar\u00e1 este domingo en Colonia San Miguel y que en esta ocasi\u00f3n todo lo recaudado ser\u00e1 en beneficio de la Escuela de Educaci\u00f3n Especial N\u00b0 505.<\/strong><\/p>\n\n\n\n<figure class=\"wp-block-image size-large\"><img data-recalc-dims=\"1\" loading=\"lazy\" decoding=\"async\" width=\"800\" height=\"534\" src=\"https:\/\/i0.wp.com\/cdnoticias.com\/wp-content\/uploads\/2025\/03\/1_1-scaled-1.jpg?resize=800%2C534&#038;ssl=1\" alt=\"\" class=\"wp-image-167559\" srcset=\"https:\/\/i0.wp.com\/cdnoticias.com\/wp-content\/uploads\/2025\/03\/1_1-scaled-1.jpg?resize=1024%2C683&amp;ssl=1 1024w, https:\/\/i0.wp.com\/cdnoticias.com\/wp-content\/uploads\/2025\/03\/1_1-scaled-1.jpg?resize=300%2C200&amp;ssl=1 300w, https:\/\/i0.wp.com\/cdnoticias.com\/wp-content\/uploads\/2025\/03\/1_1-scaled-1.jpg?resize=768%2C512&amp;ssl=1 768w, https:\/\/i0.wp.com\/cdnoticias.com\/wp-content\/uploads\/2025\/03\/1_1-scaled-1.jpg?resize=1536%2C1024&amp;ssl=1 1536w, https:\/\/i0.wp.com\/cdnoticias.com\/wp-content\/uploads\/2025\/03\/1_1-scaled-1.jpg?resize=2048%2C1366&amp;ssl=1 2048w, https:\/\/i0.wp.com\/cdnoticias.com\/wp-content\/uploads\/2025\/03\/1_1-scaled-1.jpg?resize=272%2C182&amp;ssl=1 272w, https:\/\/i0.wp.com\/cdnoticias.com\/wp-content\/uploads\/2025\/03\/1_1-scaled-1.jpg?w=1600&amp;ssl=1 1600w, https:\/\/i0.wp.com\/cdnoticias.com\/wp-content\/uploads\/2025\/03\/1_1-scaled-1.jpg?w=2400&amp;ssl=1 2400w\" sizes=\"auto, (max-width: 800px) 100vw, 800px\" \/><\/figure>\n\n\n\n<p>Precisamente, la instituci\u00f3n educativa ubicada sobre Hornos al 2800 fue sede de la rueda de prensa que cont\u00f3 adem\u00e1s con la presencia del Subsecretario de Deportes Juan Pablo Arouxet, el director de Gesti\u00f3n Deportiva Enzo Jarrie, la Inspectora en Educaci\u00f3n Especial Mar\u00eda Jos\u00e9 Sal\u00edas, la Directora de la Escuela 505 Guillermina Fern\u00e1ndez, adem\u00e1s de Daniel Cuevas e integrantes y referentes de grupo Ki\u00f1ewn, que lleva adelante la organizaci\u00f3n del evento, que cuenta con el acompa\u00f1amiento del Municipio.<\/p>\n\n\n\n<blockquote class=\"wp-block-quote is-layout-flow wp-block-quote-is-layout-flow\">\n<p>La competencia se desarrollar\u00e1 este domingo desde las 10:30 horas, con punto de largada y llegada en el Balneario de Colonia San Miguel, pero con trayectos de m\u00e1s de 30 y 60 kil\u00f3metros en los que se recorrer\u00e1n distintos caminos y senderos no s\u00f3lo de esa localidad sino tambi\u00e9n de Sierras Bayas.<\/p>\n<\/blockquote>\n\n\n\n<p>El intendente <strong>Wesner puso el valor la tarea realizada por el grupo Ki\u00f1ewn, no solo para la puesta en marcha de esta edici\u00f3n, sino la labor que se ha extendido durante todos estos a\u00f1os, siempre con la impronta solidaria.<\/strong> <em>\u201cEs una prueba que resalta la geograf\u00eda, el paisaje, la naturaleza que tenemos en Olavarr\u00eda, en Sierras Bayas, en Colonia San Miguel, y a trav\u00e9s del deporte se fomenta tambi\u00e9n el turismo, el comercio de cercan\u00eda, el desarrollo de las localidades\u201d<\/em>, ponder\u00f3.<\/p>\n\n\n\n<figure class=\"wp-block-image size-large\"><img data-recalc-dims=\"1\" loading=\"lazy\" decoding=\"async\" width=\"800\" height=\"521\" src=\"https:\/\/i0.wp.com\/cdnoticias.com\/wp-content\/uploads\/2025\/03\/4-5-scaled-1.jpg?resize=800%2C521&#038;ssl=1\" alt=\"\" class=\"wp-image-167558\" srcset=\"https:\/\/i0.wp.com\/cdnoticias.com\/wp-content\/uploads\/2025\/03\/4-5-scaled-1.jpg?resize=1024%2C667&amp;ssl=1 1024w, https:\/\/i0.wp.com\/cdnoticias.com\/wp-content\/uploads\/2025\/03\/4-5-scaled-1.jpg?resize=300%2C195&amp;ssl=1 300w, https:\/\/i0.wp.com\/cdnoticias.com\/wp-content\/uploads\/2025\/03\/4-5-scaled-1.jpg?resize=768%2C500&amp;ssl=1 768w, https:\/\/i0.wp.com\/cdnoticias.com\/wp-content\/uploads\/2025\/03\/4-5-scaled-1.jpg?resize=1536%2C1000&amp;ssl=1 1536w, https:\/\/i0.wp.com\/cdnoticias.com\/wp-content\/uploads\/2025\/03\/4-5-scaled-1.jpg?resize=2048%2C1334&amp;ssl=1 2048w, https:\/\/i0.wp.com\/cdnoticias.com\/wp-content\/uploads\/2025\/03\/4-5-scaled-1.jpg?w=1600&amp;ssl=1 1600w, https:\/\/i0.wp.com\/cdnoticias.com\/wp-content\/uploads\/2025\/03\/4-5-scaled-1.jpg?w=2400&amp;ssl=1 2400w\" sizes=\"auto, (max-width: 800px) 100vw, 800px\" \/><\/figure>\n\n\n\n<p><em>\u201cM\u00e1s all\u00e1 del turismo, de lo deportivo, resaltar lo inclusivo, tener como destinatarios a instituciones de educaci\u00f3n especial y su comunidad educativa es de un valor enorme, muy significativo\u201d,<\/em> concluy\u00f3 Wesner.<\/p>\n\n\n\n<p>Arouxet, por su parte, invit\u00f3 a la comunidad de todo el Partido y la regi\u00f3n a ser parte del evento.<em><strong> \u201cDesde el Municipio queremos decirles que no se pierdan este evento, m\u00e1s all\u00e1 del marco que pone el medio natural en Colonia San Miguel y Sierras Bayas, la calidad de deportistas, la cantidad, muchos de ellos locales, hacen que sea un evento m\u00e1s que lindo para ir a ver\u201d<\/strong><\/em>, finaliz\u00f3.<\/p>\n","protected":false},"excerpt":{"rendered":"<p>Ser\u00e1 el pr\u00f3ximo domingo en Colonia San Miguel, a beneficio de la Escuela Especial 505. Particip\u00f3 el Intendente, funcionarios e<\/p>\n","protected":false},"author":2,"featured_media":167560,"comment_status":"closed","ping_status":"closed","sticky":false,"template":"","format":"standard","meta":{"_jetpack_memberships_contains_paid_content":false,"footnotes":""},"categories":[29,30,1],"tags":[],"class_list":["post-167557","post","type-post","status-publish","format-standard","has-post-thumbnail","hentry","category-deportes","category-polideportivo","category-portada"],"jetpack_featured_media_url":"https:\/\/i0.wp.com\/cdnoticias.com\/wp-content\/uploads\/2025\/03\/5-7-scaled-1.jpg?fit=2560%2C1634&ssl=1","jetpack_sharing_enabled":true,"_links":{"self":[{"href":"https:\/\/cdnoticias.com\/index.php\/wp-json\/wp\/v2\/posts\/167557","targetHints":{"allow":["GET"]}}],"collection":[{"href":"https:\/\/cdnoticias.com\/index.php\/wp-json\/wp\/v2\/posts"}],"about":[{"href":"https:\/\/cdnoticias.com\/index.php\/wp-json\/wp\/v2\/types\/post"}],"author":[{"embeddable":true,"href":"https:\/\/cdnoticias.com\/index.php\/wp-json\/wp\/v2\/users\/2"}],"replies":[{"embeddable":true,"href":"https:\/\/cdnoticias.com\/index.php\/wp-json\/wp\/v2\/comments?post=167557"}],"version-history":[{"count":0,"href":"https:\/\/cdnoticias.com\/index.php\/wp-json\/wp\/v2\/posts\/167557\/revisions"}],"wp:featuredmedia":[{"embeddable":true,"href":"https:\/\/cdnoticias.com\/index.php\/wp-json\/wp\/v2\/media\/167560"}],"wp:attachment":[{"href":"https:\/\/cdnoticias.com\/index.php\/wp-json\/wp\/v2\/media?parent=167557"}],"wp:term":[{"taxonomy":"category","embeddable":true,"href":"https:\/\/cdnoticias.com\/index.php\/wp-json\/wp\/v2\/categories?post=167557"},{"taxonomy":"post_tag","embeddable":true,"href":"https:\/\/cdnoticias.com\/index.php\/wp-json\/wp\/v2\/tags?post=167557"}],"curies":[{"name":"wp","href":"https:\/\/api.w.org\/{rel}","templated":true}]}}