{"id":167552,"date":"2025-03-26T19:11:18","date_gmt":"2025-03-26T22:11:18","guid":{"rendered":"https:\/\/cdnoticias.com\/?p=167552"},"modified":"2025-03-27T10:02:41","modified_gmt":"2025-03-27T13:02:41","slug":"kicillof-firmo-con-los-municipios-la-adhesion-al-fondo-de-fortalecimiento-en-seguridad","status":"publish","type":"post","link":"https:\/\/cdnoticias.com\/index.php\/2025\/03\/26\/kicillof-firmo-con-los-municipios-la-adhesion-al-fondo-de-fortalecimiento-en-seguridad\/","title":{"rendered":"Kicillof firm\u00f3 con los Municipios la adhesi\u00f3n al Fondo de Fortalecimiento en Seguridad"},"content":{"rendered":"\n<p>M\u00e1s de un centenar de Intendentes participaron de la actividad: el jefe comunal de Olavarr\u00eda no particip\u00f3. El Gobernador critic\u00f3 con dureza los recortes en Seguridad y Justicia por parte de la gesti\u00f3n Milei.<\/p>\n\n\n\n<hr class=\"wp-block-separator aligncenter has-alpha-channel-opacity\"\/>\n\n\n\n<p>Luego de tomarle juramento a 1200 nuevos agentes policiales,<strong> el gobernador bonaerense Axel Kicillof puso a disposici\u00f3n una partida de $170 mil millones para abordar demandas en materia de seguridad.<\/strong><\/p>\n\n\n\n<blockquote class=\"wp-block-quote is-layout-flow wp-block-quote-is-layout-flow\">\n<p>En un acto en la Escuela Vucetich y rodeado de m\u00e1s de 100 intendentes (solo La Libertad Avanza no mand\u00f3 representantes), Kicillof firm\u00f3 con cada municipio el convenio de adhesi\u00f3n del Fondo de Fortalecimiento de la Seguridad y aprovech\u00f3 para lanzar cr\u00edticas al Poder Judicial y recordar los recortes de presupuesto por parte de la administraci\u00f3n de Javier Milei.<\/p>\n<\/blockquote>\n\n\n\n<p>En medio de una relaci\u00f3n cada vez m\u00e1s tensa que se profundiza de cara a las elecciones legislativas, <strong>el gobernador lanz\u00f3 nuevas cr\u00edticas al Ejecutivo y lo acus\u00f3 de promover el odio para resolver las diferencias y de querer fundir a la provincia de Buenos Aires.<\/strong><\/p>\n\n\n\n<p><em><strong>\u201cHay niveles de violencia que vienen subiendo y con discursos violentos que tambi\u00e9n la promueven\u201d,<\/strong><\/em> sostuvo. Y a\u00f1adi\u00f3: <em>\u201cSi en los conflictos y las diferencias se emanan desde las altas autoridades que hay que resolverlas de manera violenta, agresiva, odiando al otro, qu\u00e9 le vamos a ense\u00f1ar a los pibes en las escuelas si en los m\u00e1s altos niveles, cuando alguien no est\u00e1 de acuerdo, hay acusaci\u00f3n, insulto, hablar de intervenciones, de renuncias: violencia, odio\u201d.<\/em><\/p>\n\n\n\n<p>En otras cuestiones, el mandatario provincial puso el foco en la importancia del trabajo en conjunto para avanzar sobre el narcotr\u00e1fico y volvi\u00f3 a pedir <em>\u201ccompromiso del gobierno nacional y que haya coordinaci\u00f3n\u201d.<strong> \u201cHay que abordar con seriedad, no tirarse la pelota, no convertir esto en marketing pol\u00edtico, electoral\u201d<\/strong><\/em>, remarc\u00f3 Kicillof, quien estuvo acompa\u00f1ado por el ministro de Seguridad, Javier Alonso.<\/p>\n\n\n\n<p>Al insistir con las cr\u00edticas, el gobernador dijo que<em> \u201cest\u00e1 el problema econ\u00f3mico, el problema de pregonar el odio, y est\u00e1 el problema de los recursos\u201d.<\/em> Fue en ese momento que Kicillof se refiri\u00f3 al fondo de 750 mil millones que el Gobierno nacional le quit\u00f3 a la provincia.<em> \u201cNos robaron el fondo para la seguridad y ni un solo centavo se pod\u00eda invertir en otra materia. Hasta el \u00faltimo centavo del fondo para seguridad se gastaba, se invert\u00eda y se rend\u00eda. No era plata para la casta, para la pol\u00edtica. Eso se llev\u00f3 el gobierno nacional y eso denunciamos\u201d, <\/em>cuestion\u00f3<strong>. Y en el mismo tono, alert\u00f3 que la inseguridad ser\u00e1 utilizada por la administraci\u00f3n libertaria para hacer \u201ccampa\u00f1a sucia y ro\u00f1osa\u201d en el a\u00f1o electoral.<\/strong><\/p>\n\n\n\n<p class=\"has-large-font-size\">\u201cPuerta giratoria\u201d<\/p>\n\n\n\n<figure class=\"wp-block-image size-large\"><img data-recalc-dims=\"1\" loading=\"lazy\" decoding=\"async\" width=\"800\" height=\"534\" src=\"https:\/\/i0.wp.com\/cdnoticias.com\/wp-content\/uploads\/2025\/03\/kicillof-policias-juran.jpg?resize=800%2C534&#038;ssl=1\" alt=\"\" class=\"wp-image-167553\" srcset=\"https:\/\/i0.wp.com\/cdnoticias.com\/wp-content\/uploads\/2025\/03\/kicillof-policias-juran.jpg?resize=1024%2C683&amp;ssl=1 1024w, https:\/\/i0.wp.com\/cdnoticias.com\/wp-content\/uploads\/2025\/03\/kicillof-policias-juran.jpg?resize=300%2C200&amp;ssl=1 300w, https:\/\/i0.wp.com\/cdnoticias.com\/wp-content\/uploads\/2025\/03\/kicillof-policias-juran.jpg?resize=768%2C512&amp;ssl=1 768w, https:\/\/i0.wp.com\/cdnoticias.com\/wp-content\/uploads\/2025\/03\/kicillof-policias-juran.jpg?resize=272%2C182&amp;ssl=1 272w, https:\/\/i0.wp.com\/cdnoticias.com\/wp-content\/uploads\/2025\/03\/kicillof-policias-juran.jpg?w=1536&amp;ssl=1 1536w\" sizes=\"auto, (max-width: 800px) 100vw, 800px\" \/><\/figure>\n\n\n\n<p>En otro tramo de su extenso discurso<strong>, el mandatario hizo referencia a las cr\u00edticas que a algunos sectores le reclaman al Ejecutivo por la \u201cpuerta giratoria\u201d por la que algunos delincuentes son detenidos y r\u00e1pidamente liberados.<\/strong><em> \u201cLa Polic\u00eda y el Poder Ejecutivo es un auxiliar del Poder Judicial; tenemos que pedir que se cumpla la ley\u201d<\/em>, dijo.<\/p>\n\n\n\n<p>En ese sentido, aclar\u00f3 que<strong> la Provincia no puede modificar la legislaci\u00f3n penal, ya que es competencia del Congreso Nacional, pero remarc\u00f3 que<em> \u201cla ley actual no se cumple o se cumple mal\u201d<\/em><\/strong>. E insisti\u00f3 en la necesidad de estrechar la cooperaci\u00f3n con el Poder Judicial para garantizar su correcta aplicaci\u00f3n.<\/p>\n\n\n\n<p>Adem\u00e1s, anunci\u00f3 que en los pr\u00f3ximos d\u00edas<strong> enviar\u00e1 a la Legislatura bonaerense y al Congreso Nacional una serie de proyectos de ley en materia de seguridad. Entre las iniciativas se destaca un Plan Provincial de Desarme, cuyo objetivo ser\u00e1 reducir la circulaci\u00f3n de armas ilegales.<\/strong><\/p>\n\n\n\n<p class=\"has-large-font-size\">Mayor equipamiento<\/p>\n\n\n\n<p>En ese contexto, precis\u00f3 que en estos a\u00f1os de gesti\u00f3n <strong>se ha invertido en 5.500 nuevos patrulleros y m\u00e1s de 1.100 patrullas rurales 4\u00d74.<\/strong> Adem\u00e1s, habl\u00f3 sobre los avances en la profesionalizaci\u00f3n y en la formaci\u00f3n de los agentes de polic\u00eda: <em><strong>\u201cAntes, en seis meses sal\u00edan a la calle, tiempo insuficiente para formar a la fuerza policial. Era todo teor\u00eda, tiza y pizarr\u00f3n\u201d.<\/strong><\/em><\/p>\n\n\n\n<p>En ese sentido, record\u00f3 c\u00f3mo estaba la fuerza cuando asumi\u00f3 el cargo hace m\u00e1s de cinco a\u00f1os, cuando recibi\u00f3 el poder de parte de Mar\u00eda Eugenia Vidal. <em>\u201cIniciamos el primer periodo de gobierno con 790 patrulleros para cubrir 1100 cuadr\u00edculas, y algunos con m\u00e1s de un mill\u00f3n de kil\u00f3metros de rodaje. Lo que recibimos era un dep\u00f3sito de chatarra, no era una fuerza policial\u201d<\/em>, lanz\u00f3.<\/p>\n\n\n\n<p>En base al trabajo que se encar\u00f3 en la Provincia y la inversi\u00f3n que est\u00e1n realizando junto al ministro Javier Alonso en materia de seguridad, con mejor tecnolog\u00eda y equipamiento, el mandatario garantiz\u00f3 que \u201cnunca m\u00e1s habr\u00e1 zonas liberadas\u201d en la provincia de Buenos Aires.<\/p>\n","protected":false},"excerpt":{"rendered":"<p>M\u00e1s de un centenar de Intendentes participaron de la actividad: el jefe comunal de Olavarr\u00eda no particip\u00f3. El Gobernador critic\u00f3<\/p>\n","protected":false},"author":2,"featured_media":167554,"comment_status":"closed","ping_status":"closed","sticky":false,"template":"","format":"standard","meta":{"_jetpack_memberships_contains_paid_content":false,"footnotes":""},"categories":[6,1],"tags":[],"class_list":["post-167552","post","type-post","status-publish","format-standard","has-post-thumbnail","hentry","category-nacionales","category-portada"],"jetpack_featured_media_url":"https:\/\/i0.wp.com\/cdnoticias.com\/wp-content\/uploads\/2025\/03\/Kicillof-intendentes.jpg?fit=1536%2C1024&ssl=1","jetpack_sharing_enabled":true,"_links":{"self":[{"href":"https:\/\/cdnoticias.com\/index.php\/wp-json\/wp\/v2\/posts\/167552","targetHints":{"allow":["GET"]}}],"collection":[{"href":"https:\/\/cdnoticias.com\/index.php\/wp-json\/wp\/v2\/posts"}],"about":[{"href":"https:\/\/cdnoticias.com\/index.php\/wp-json\/wp\/v2\/types\/post"}],"author":[{"embeddable":true,"href":"https:\/\/cdnoticias.com\/index.php\/wp-json\/wp\/v2\/users\/2"}],"replies":[{"embeddable":true,"href":"https:\/\/cdnoticias.com\/index.php\/wp-json\/wp\/v2\/comments?post=167552"}],"version-history":[{"count":0,"href":"https:\/\/cdnoticias.com\/index.php\/wp-json\/wp\/v2\/posts\/167552\/revisions"}],"wp:featuredmedia":[{"embeddable":true,"href":"https:\/\/cdnoticias.com\/index.php\/wp-json\/wp\/v2\/media\/167554"}],"wp:attachment":[{"href":"https:\/\/cdnoticias.com\/index.php\/wp-json\/wp\/v2\/media?parent=167552"}],"wp:term":[{"taxonomy":"category","embeddable":true,"href":"https:\/\/cdnoticias.com\/index.php\/wp-json\/wp\/v2\/categories?post=167552"},{"taxonomy":"post_tag","embeddable":true,"href":"https:\/\/cdnoticias.com\/index.php\/wp-json\/wp\/v2\/tags?post=167552"}],"curies":[{"name":"wp","href":"https:\/\/api.w.org\/{rel}","templated":true}]}}