{"id":167539,"date":"2025-03-26T18:47:55","date_gmt":"2025-03-26T21:47:55","guid":{"rendered":"https:\/\/cdnoticias.com\/?p=167539"},"modified":"2025-03-27T09:09:18","modified_gmt":"2025-03-27T12:09:18","slug":"demanda-de-mala-praxis-por-el-fallecimiento-de-un-adolescente-en-olavarria","status":"publish","type":"post","link":"https:\/\/cdnoticias.com\/index.php\/2025\/03\/26\/demanda-de-mala-praxis-por-el-fallecimiento-de-un-adolescente-en-olavarria\/","title":{"rendered":"Demanda de mala praxis por el fallecimiento de un adolescente en Olavarr\u00eda\u00a0"},"content":{"rendered":"\n<p>Los padres del adolescente detallaron que el caso es del 18 de febrero de 2023.&nbsp; Buscan la condena al profesional de turno que \u201cse trata del \u00fanico cirujano pedi\u00e1trico que hay en la ciudad\u201d.<\/p>\n\n\n\n<hr class=\"wp-block-separator aligncenter has-alpha-channel-opacity\"\/>\n\n\n\n<p><strong>Bautista Iglesias, <\/strong>quien en ese entonces ten\u00eda 14 a\u00f1os,<strong> falleci\u00f3 por una mala praxis el d\u00eda 18 de febrero del 2023<\/strong>.\u00a0Sus padres Juan Cruz Iglesias y Gisele Hern\u00e1ndez Reyes <strong>buscan la condena al profesional de turno <\/strong>que \u201cse trata del \u00fanico cirujano pedi\u00e1trico que hay en la ciudad\u201d<strong> e impulsaron una demanda en la Justicia <\/strong>por este hecho que r\u00e1pidamente gener\u00f3 adhesiones en redes sociales en las \u00faltimas horas.\u00a0<\/p>\n\n\n\n<p><\/p>\n\n\n\n<p>El juicio de los padres se titula<em> \u201c<strong>Hern\u00e1ndez Reyes Gisele y otro contra Municipalidad de Olavarr\u00eda y otros sobre prueba anticipada<\/strong><\/em>\u201d expediente n\u00famero 22859 tramitado en el Juzgado Contencioso Administrativo de Azul.\u00a0<\/p>\n\n\n\n<p><\/p>\n\n\n\n<p>La pericia de muerte determin\u00f3<em> \u201c<\/em><strong><em>shock hipovol\u00e9mico, hemorragia retroperitoneal por lesi\u00f3n vascular\u201d<\/em>.<\/strong> Se indic\u00f3 adem\u00e1s que \u201cla lesi\u00f3n vascular consist\u00eda en una lesi\u00f3n de la vena cava que le habr\u00eda producido la hemorragia\u201d.\u00a0<\/p>\n\n\n\n<p><\/p>\n\n\n\n<blockquote class=\"wp-block-quote is-layout-flow wp-block-quote-is-layout-flow\">\n<p>Los padres relataron que \u201cllevamos a nuestro \u00fanico hijo Bauty con un dolor abdominal a la guardia del Hospital. El pediatra de turno llam\u00f3 al \u00fanico cirujano pedi\u00e1trico que hay en la ciudad de Olavarr\u00eda, quien determin\u00f3 que era un ap\u00e9ndice inflamado sin riesgo de que sea peritonitis\u201d.\u00a0<\/p>\n<\/blockquote>\n\n\n\n<p><\/p>\n\n\n\n<p>\u201cNos dijo que ya que estaba ah\u00ed \u00e9l, lo iba operar, <strong>pero que vayamos a Cemeda, <\/strong>donde le iba a realizar la operaci\u00f3n laparosc\u00f3pica teniendo en cuenta que ten\u00edamos obra social. La pesadilla que a\u00fan vivimos comenz\u00f3 cuando nos llamaron a la puerta de cirug\u00eda y <strong>nos dijeron que algo no andaba bien y que hab\u00eda que llevarlo de urgencia a terapia al Hospital Municipal,<\/strong> a donde lo terminaron llevando\u201d agregaron en detalle.\u00a0<\/p>\n\n\n\n<p><\/p>\n\n\n\n<p>La carta contin\u00faa: <em><strong>\u201cAll\u00ed, fueron m\u00e1s de 16 horas de incertidumbre. Nadie nos dec\u00eda nada, ve\u00edamos que pasaban, iban y ven\u00edan, corr\u00edan, y nadie nos dec\u00eda nada. Lo intervinieron una vez m\u00e1s este \u00fanico cirujano pedi\u00e1trico junto con otros para parar un sangrado. Hasta ah\u00ed lo \u00fanico que sab\u00edamos, no nos daban informaci\u00f3n, solo dec\u00edan que todo estaba bien y que \u00e9l estaba estable&#8221;.<\/strong><\/em><\/p>\n\n\n\n<p><\/p>\n\n\n\n<blockquote class=\"wp-block-quote is-layout-flow wp-block-quote-is-layout-flow\">\n<p>\u201cLlegado el \u00faltimo momento una vez m\u00e1s en terapia, este \u00fanico cirujano pedi\u00e1trico a mi Gisele Hern\u00e1ndez, me mir\u00f3 a los ojos , me toc\u00f3 el hombro y me dijo: Tranquila mam\u00e1, todo est\u00e1 bien\u201d relat\u00f3 Hern\u00e1ndez.\u00a0<\/p>\n<\/blockquote>\n\n\n\n<p><\/p>\n\n\n\n<p>\u201cC\u00f3mo mam\u00e1 y pap\u00e1 est\u00e1bamos juntos <strong>esperando alguna respuesta,<\/strong> cuando<strong> salieron dos terapistas que no hab\u00edamos visto a\u00fan<\/strong>, y hacemos menci\u00f3n de ellos porque fueron los \u00fanicos que <strong>tuvieron el valor y la calidad humana de sentarnos, mirarnos y explicarnos lo que pas\u00f3: que Bautista hab\u00eda llegado muy mal de Cemeda, que ellos estuvieron todo el tiempo a su lado porque lo \u00fanico que pod\u00edan hacer era intentar reanimarlo una y otra vez sin respuesta y que hab\u00eda llegado el momento de despedirnos de nuestro hijo,<\/strong> porque ya no ten\u00eda m\u00e1s fuerzas para seguir luchando. Ellos, los \u00fanicos dos, dijeron la cruda verdad, cuando todo el tiempo los cirujanos nos hab\u00edan dicho que estaba bien, que estaba estable\u201d relataron.\u00a0<\/p>\n\n\n\n<p><\/p>\n\n\n\n<blockquote class=\"wp-block-quote is-layout-flow wp-block-quote-is-layout-flow\">\n<p>Y agregaron: \u201cesto quiere decir que el cirujano pedi\u00e1trico quiz\u00e1s con la participaci\u00f3n de algunos otros de los m\u00e9dicos demandados (la justicia dilucidar\u00e1 qu\u00e9 responsabilidad le cabe a cada uno de los profesionales intervinientes) le realiz\u00f3 una operaci\u00f3n en la cual producto de una mala praxis alarmante le rompi\u00f3 la vena cava y posteriormente continuaron con otras prestaciones m\u00e9dicas erradas que impidieron parar el sangrado y que lo llevaron a la muerte\u201d.<\/p>\n<\/blockquote>\n\n\n\n<p><\/p>\n\n\n\n<p>En la actualidad <em>\u201cest\u00e1 en tr\u00e1mite un juicio por da\u00f1os y perjuicios en el mismo juzgado. Que la condena a este&nbsp; \u201cprofesional\u201d y a todos los que la justicia determine responsabilidad adem\u00e1s de jur\u00eddica sea social. Porque la justicia determinar\u00e1 un resarcimiento en plata que ser\u00e1 groseramente insuficiente porque no hay plata que nos pueda reparar una angustia con la que vamos a convivir por el resto de nuestros d\u00edas\u201d.<\/em><\/p>\n\n\n\n<p><\/p>\n\n\n\n<p>Por \u00faltimo, remarcaron: \u201c<strong>Mientras tanto, \u00e9l o los m\u00e9dicos responsables caminar\u00e1n tranquilos por la calle y lamentablemente quiz\u00e1s sigan operando porque tampoco existe en nuestro pa\u00eds un sistema punitivo eficiente que castigue a quienes por negligencia o incapacidad producen este tipo de da\u00f1os irreparables\u201d.\u00a0<\/strong><\/p>\n\n\n\n<p><\/p>\n\n\n\n<p><strong><em>\u201cCuidemos a nuestros hijos para que nadie m\u00e1s tenga que pasar el dolor que vivimos d\u00eda a d\u00eda. Levantemos las voces porque sabemos que este no es el \u00fanico caso. Que el miedo no te paralice. Que la p\u00e9rdida de un hijo no te quite la voz. Record\u00e1 que no denunciar es seguir tapando complicidades<\/em><\/strong>\u201d cerraron en la carta emitida a los medios y publicada en redes.\u00a0<\/p>\n\n\n\n<p><\/p>\n","protected":false},"excerpt":{"rendered":"<p>Los padres del adolescente detallaron que el caso es del 18 de febrero de 2023.&nbsp; Buscan la condena al profesional<\/p>\n","protected":false},"author":6,"featured_media":167551,"comment_status":"closed","ping_status":"closed","sticky":false,"template":"","format":"standard","meta":{"_jetpack_memberships_contains_paid_content":false,"footnotes":""},"categories":[14,1],"tags":[],"class_list":["post-167539","post","type-post","status-publish","format-standard","has-post-thumbnail","hentry","category-policiales","category-portada"],"jetpack_featured_media_url":"https:\/\/i0.wp.com\/cdnoticias.com\/wp-content\/uploads\/2025\/03\/iglesias-mala-praxis.jpg?fit=1000%2C600&ssl=1","jetpack_sharing_enabled":true,"_links":{"self":[{"href":"https:\/\/cdnoticias.com\/index.php\/wp-json\/wp\/v2\/posts\/167539","targetHints":{"allow":["GET"]}}],"collection":[{"href":"https:\/\/cdnoticias.com\/index.php\/wp-json\/wp\/v2\/posts"}],"about":[{"href":"https:\/\/cdnoticias.com\/index.php\/wp-json\/wp\/v2\/types\/post"}],"author":[{"embeddable":true,"href":"https:\/\/cdnoticias.com\/index.php\/wp-json\/wp\/v2\/users\/6"}],"replies":[{"embeddable":true,"href":"https:\/\/cdnoticias.com\/index.php\/wp-json\/wp\/v2\/comments?post=167539"}],"version-history":[{"count":0,"href":"https:\/\/cdnoticias.com\/index.php\/wp-json\/wp\/v2\/posts\/167539\/revisions"}],"wp:featuredmedia":[{"embeddable":true,"href":"https:\/\/cdnoticias.com\/index.php\/wp-json\/wp\/v2\/media\/167551"}],"wp:attachment":[{"href":"https:\/\/cdnoticias.com\/index.php\/wp-json\/wp\/v2\/media?parent=167539"}],"wp:term":[{"taxonomy":"category","embeddable":true,"href":"https:\/\/cdnoticias.com\/index.php\/wp-json\/wp\/v2\/categories?post=167539"},{"taxonomy":"post_tag","embeddable":true,"href":"https:\/\/cdnoticias.com\/index.php\/wp-json\/wp\/v2\/tags?post=167539"}],"curies":[{"name":"wp","href":"https:\/\/api.w.org\/{rel}","templated":true}]}}