{"id":167529,"date":"2025-03-26T19:59:42","date_gmt":"2025-03-26T22:59:42","guid":{"rendered":"https:\/\/cdnoticias.com\/?p=167529"},"modified":"2025-03-26T19:59:44","modified_gmt":"2025-03-26T22:59:44","slug":"obras-rurales-trabajos-de-limpieza-del-canal-de-kochi-tue","status":"publish","type":"post","link":"https:\/\/cdnoticias.com\/index.php\/2025\/03\/26\/obras-rurales-trabajos-de-limpieza-del-canal-de-kochi-tue\/","title":{"rendered":"Obras Rurales: Trabajos de limpieza del canal de Kochi Tu\u00e9"},"content":{"rendered":"\n<p>Las obras surgen de un encuentro que el intendente Wesner mantuvo con vecinos del sector mientras se desarrollaban tareas de mantenimiento de la calle principal.<\/p>\n\n\n\n<hr class=\"wp-block-separator aligncenter has-alpha-channel-opacity\"\/>\n\n\n\n<p>A trav\u00e9s de la <strong>Direcci\u00f3n de Obras Rurales<\/strong> en forma conjunta con la Delegaci\u00f3n Municipal de Loma Negra, puso en marcha <strong>obras de limpieza en el canal de Kochi Tu\u00e9.<\/strong><\/p>\n\n\n\n<p><\/p>\n\n\n\n<p>Las obras surgen de un <strong>encuentro que el intendente Maximiliano Wesner mantuvo con vecinos del sector <\/strong>mientras se desarrollaban tareas de mantenimiento de la calle principal.<\/p>\n\n\n\n<p><\/p>\n\n\n\n<p>Desde el \u00e1rea de Obras Rurales indicaron que<strong> las tareas se dividen en dos etapas:<\/strong> la primera se realiza con una retroexcavadora sobre orugas provista por la empresa Loma Negra, que comprende la limpieza del canal desde el cruce con el Camino Frontera Sur hacia la salida que va al arroyo Tapalqu\u00e9.<\/p>\n\n\n\n<p><\/p>\n\n\n\n<blockquote class=\"wp-block-quote is-layout-flow wp-block-quote-is-layout-flow\">\n<p>La segunda etapa se ejecuta con equipamiento municipal y consiste en la limpieza del canal en toda la zona de Villa Kochi Tu\u00e9, en el sector de viviendas particulares, con especial cuidado en las instalaciones de gas, teniendo en cuenta lo planteado por la empresa Camuzzi.<\/p>\n<\/blockquote>\n\n\n\n<p><\/p>\n\n\n\n<figure class=\"wp-block-image aligncenter size-full\"><img data-recalc-dims=\"1\" loading=\"lazy\" decoding=\"async\" width=\"800\" height=\"532\" src=\"https:\/\/i0.wp.com\/cdnoticias.com\/wp-content\/uploads\/2025\/03\/Villa-Kochi-Tue-obras.jpg?resize=800%2C532&#038;ssl=1\" alt=\"\" class=\"wp-image-167533\" srcset=\"https:\/\/i0.wp.com\/cdnoticias.com\/wp-content\/uploads\/2025\/03\/Villa-Kochi-Tue-obras.jpg?w=900&amp;ssl=1 900w, https:\/\/i0.wp.com\/cdnoticias.com\/wp-content\/uploads\/2025\/03\/Villa-Kochi-Tue-obras.jpg?resize=300%2C200&amp;ssl=1 300w, https:\/\/i0.wp.com\/cdnoticias.com\/wp-content\/uploads\/2025\/03\/Villa-Kochi-Tue-obras.jpg?resize=768%2C511&amp;ssl=1 768w, https:\/\/i0.wp.com\/cdnoticias.com\/wp-content\/uploads\/2025\/03\/Villa-Kochi-Tue-obras.jpg?resize=272%2C182&amp;ssl=1 272w\" sizes=\"auto, (max-width: 800px) 100vw, 800px\" \/><\/figure>\n\n\n\n<p><\/p>\n\n\n\n<p>Cabe agregar que las obras en este segundo tramo se realizan con el <strong>aporte de la Delegaci\u00f3n Municipal de Loma Negra<\/strong>, desde donde se canalizan las diferentes problem\u00e1ticas de los vecinos de Kochi Tu\u00e9, a trav\u00e9s del contacto permanente con la comunidad.<\/p>\n\n\n\n<p><\/p>\n\n\n\n<p>Asimismo, se indic\u00f3 que &#8220;en una etapa posterior,<strong> el Municipio realizar\u00e1 el mejoramiento de todos los cruces de calles,<\/strong> con la colocaci\u00f3n de nuevas alcantarillas de hormig\u00f3n premoldeado&#8221;. <\/p>\n\n\n\n<p><\/p>\n\n\n\n<blockquote class=\"wp-block-quote is-layout-flow wp-block-quote-is-layout-flow\">\n<p>Las obras tienen por objetivo limpiar estos canales principales que naturalmente se ven afectados por vegetaci\u00f3n, arbustos, \u00e1rboles, acumulaci\u00f3n de sedimentos, materiales sueltos y residuos, con la finalidad de mejorar la evacuaci\u00f3n del agua, especialmente en per\u00edodo de lluvias, cuando mayores complicaciones se originan.<\/p>\n<\/blockquote>\n\n\n\n<p><\/p>\n\n\n\n<p>Por \u00faltimo, se recuerda que los trabajos en Villa Kochi Tu\u00e9 se iniciaron en el mes de septiembre del 2024 con el mejoramiento de las calles principales y espacios p\u00fablicos.<\/p>\n\n\n\n<p><\/p>\n","protected":false},"excerpt":{"rendered":"<p>Las obras surgen de un encuentro que el intendente Wesner mantuvo con vecinos del sector mientras se desarrollaban tareas de<\/p>\n","protected":false},"author":6,"featured_media":167532,"comment_status":"closed","ping_status":"closed","sticky":false,"template":"","format":"standard","meta":{"_jetpack_memberships_contains_paid_content":false,"footnotes":""},"categories":[5,1],"tags":[],"class_list":["post-167529","post","type-post","status-publish","format-standard","has-post-thumbnail","hentry","category-informacion-general","category-portada"],"jetpack_featured_media_url":"https:\/\/i0.wp.com\/cdnoticias.com\/wp-content\/uploads\/2025\/03\/Villa-Kochi-Tue-obras1.jpg?fit=900%2C588&ssl=1","jetpack_sharing_enabled":true,"_links":{"self":[{"href":"https:\/\/cdnoticias.com\/index.php\/wp-json\/wp\/v2\/posts\/167529","targetHints":{"allow":["GET"]}}],"collection":[{"href":"https:\/\/cdnoticias.com\/index.php\/wp-json\/wp\/v2\/posts"}],"about":[{"href":"https:\/\/cdnoticias.com\/index.php\/wp-json\/wp\/v2\/types\/post"}],"author":[{"embeddable":true,"href":"https:\/\/cdnoticias.com\/index.php\/wp-json\/wp\/v2\/users\/6"}],"replies":[{"embeddable":true,"href":"https:\/\/cdnoticias.com\/index.php\/wp-json\/wp\/v2\/comments?post=167529"}],"version-history":[{"count":0,"href":"https:\/\/cdnoticias.com\/index.php\/wp-json\/wp\/v2\/posts\/167529\/revisions"}],"wp:featuredmedia":[{"embeddable":true,"href":"https:\/\/cdnoticias.com\/index.php\/wp-json\/wp\/v2\/media\/167532"}],"wp:attachment":[{"href":"https:\/\/cdnoticias.com\/index.php\/wp-json\/wp\/v2\/media?parent=167529"}],"wp:term":[{"taxonomy":"category","embeddable":true,"href":"https:\/\/cdnoticias.com\/index.php\/wp-json\/wp\/v2\/categories?post=167529"},{"taxonomy":"post_tag","embeddable":true,"href":"https:\/\/cdnoticias.com\/index.php\/wp-json\/wp\/v2\/tags?post=167529"}],"curies":[{"name":"wp","href":"https:\/\/api.w.org\/{rel}","templated":true}]}}