{"id":167520,"date":"2025-03-31T08:13:21","date_gmt":"2025-03-31T11:13:21","guid":{"rendered":"https:\/\/cdnoticias.com\/?p=167520"},"modified":"2025-03-31T08:13:23","modified_gmt":"2025-03-31T11:13:23","slug":"nueva-edicion-del-curso-de-community-manager-en-facso","status":"publish","type":"post","link":"https:\/\/cdnoticias.com\/index.php\/2025\/03\/31\/nueva-edicion-del-curso-de-community-manager-en-facso\/","title":{"rendered":"Nueva edici\u00f3n del curso de Community Manager en FACSO"},"content":{"rendered":"\n<p>Ser\u00e1 a partir de abril y tendr\u00e1 una extensi\u00f3n de 8 encuentros.&nbsp;<\/p>\n\n\n\n<hr class=\"wp-block-separator aligncenter has-alpha-channel-opacity\"\/>\n\n\n\n<p>A partir de abril la <strong>Facultad de Ciencias Sociales <\/strong>ofrecer\u00e1 el curso virtual<strong> \u201cCommunity Manager: conocimientos y recursos para gestionar redes sociales\u201d,<\/strong> que ser\u00e1 dictado por la Licenciada Leandra Bustamante y el Licenciado Santiago Garralda.<\/p>\n\n\n\n<p><\/p>\n\n\n\n<blockquote class=\"wp-block-quote is-layout-flow wp-block-quote-is-layout-flow\">\n<p>El curso propone que los y las cursantes puedan abordar las principales tareas que desempe\u00f1a un CM, desde la elaboraci\u00f3n de una estrategia hasta la ejecuci\u00f3n de la misma.<\/p>\n<\/blockquote>\n\n\n\n<p><\/p>\n\n\n\n<p>A trav\u00e9s del mismo se abordar\u00e1 el <strong>funcionamiento de las redes sociales y sus claves principales,<\/strong> con el objetivo de aprender a gestionar comunidades virtuales, as\u00ed como tambi\u00e9n desarrollar competencias aptas para el mundo digital.<\/p>\n\n\n\n<p><\/p>\n\n\n\n<p>El curso tendr\u00e1 una <strong>extensi\u00f3n de 8 encuentros<\/strong> de 120 minutos cada uno y <strong>dar\u00e1 inicio el jueves 3 de abril. <\/strong>El mismo se dictar\u00e1 con <strong>modalidad virtual, <\/strong>los d\u00edas jueves de 19:30 a 21:30 horas. <\/p>\n\n\n\n<p><\/p>\n\n\n\n<p>La propuesta est\u00e1 <strong>destinada a estudiantes, emprendedores\/as y p\u00fablico interesado en la tem\u00e1tica.<\/strong> Interesados e interesadas se pueden <a href=\"http:\/\/www.soc.unicen.edu.ar\" target=\"_blank\" rel=\"noreferrer noopener\">inscribir ac\u00e1.<\/a><\/p>\n\n\n\n<p><\/p>\n\n\n\n<p><\/p>\n","protected":false},"excerpt":{"rendered":"<p>Ser\u00e1 a partir de abril y tendr\u00e1 una extensi\u00f3n de 8 encuentros.&nbsp; A partir de abril la Facultad de Ciencias<\/p>\n","protected":false},"author":6,"featured_media":4718,"comment_status":"closed","ping_status":"closed","sticky":false,"template":"","format":"standard","meta":{"_jetpack_memberships_contains_paid_content":false,"footnotes":""},"categories":[5,1],"tags":[],"class_list":["post-167520","post","type-post","status-publish","format-standard","has-post-thumbnail","hentry","category-informacion-general","category-portada"],"jetpack_featured_media_url":"https:\/\/i0.wp.com\/cdnoticias.com\/wp-content\/uploads\/2020\/10\/facso2.jpg?fit=2000%2C987&ssl=1","jetpack_sharing_enabled":true,"_links":{"self":[{"href":"https:\/\/cdnoticias.com\/index.php\/wp-json\/wp\/v2\/posts\/167520","targetHints":{"allow":["GET"]}}],"collection":[{"href":"https:\/\/cdnoticias.com\/index.php\/wp-json\/wp\/v2\/posts"}],"about":[{"href":"https:\/\/cdnoticias.com\/index.php\/wp-json\/wp\/v2\/types\/post"}],"author":[{"embeddable":true,"href":"https:\/\/cdnoticias.com\/index.php\/wp-json\/wp\/v2\/users\/6"}],"replies":[{"embeddable":true,"href":"https:\/\/cdnoticias.com\/index.php\/wp-json\/wp\/v2\/comments?post=167520"}],"version-history":[{"count":0,"href":"https:\/\/cdnoticias.com\/index.php\/wp-json\/wp\/v2\/posts\/167520\/revisions"}],"wp:featuredmedia":[{"embeddable":true,"href":"https:\/\/cdnoticias.com\/index.php\/wp-json\/wp\/v2\/media\/4718"}],"wp:attachment":[{"href":"https:\/\/cdnoticias.com\/index.php\/wp-json\/wp\/v2\/media?parent=167520"}],"wp:term":[{"taxonomy":"category","embeddable":true,"href":"https:\/\/cdnoticias.com\/index.php\/wp-json\/wp\/v2\/categories?post=167520"},{"taxonomy":"post_tag","embeddable":true,"href":"https:\/\/cdnoticias.com\/index.php\/wp-json\/wp\/v2\/tags?post=167520"}],"curies":[{"name":"wp","href":"https:\/\/api.w.org\/{rel}","templated":true}]}}