{"id":167501,"date":"2025-03-26T12:17:52","date_gmt":"2025-03-26T15:17:52","guid":{"rendered":"https:\/\/cdnoticias.com\/?p=167501"},"modified":"2025-03-26T15:50:03","modified_gmt":"2025-03-26T18:50:03","slug":"hubo-una-segunda-manifestacion-de-jubilados-en-olavarria-frente-a-pami","status":"publish","type":"post","link":"https:\/\/cdnoticias.com\/index.php\/2025\/03\/26\/hubo-una-segunda-manifestacion-de-jubilados-en-olavarria-frente-a-pami\/","title":{"rendered":"Hubo una segunda manifestaci\u00f3n de jubilados en Olavarr\u00eda frente a PAMI"},"content":{"rendered":"\n<p>Fue este mi\u00e9rcoles frente a la sede de Belgrano 2635 en consonancia con la protesta en Capital Federal.<\/p>\n\n\n\n<hr class=\"wp-block-separator has-alpha-channel-opacity\"\/>\n\n\n\n<p>Este mi\u00e9rcoles a las 11 de la ma\u00f1ana se inici\u00f3 una<strong> nueva manifestaci\u00f3n de jubilados autoconvocados de Olavarr\u00eda frente a la sede local de PAMI.<\/strong><\/p>\n\n\n\n<p><\/p>\n\n\n\n<p>El reclamo coincide con la protesta que llevan adelante los mi\u00e9rcoles jubilados en Capital Federal para<strong> hacer visible la situaci\u00f3n que atraviesa el sector.<\/strong><\/p>\n\n\n\n<p><\/p>\n\n\n\n<p>En esta oportunidad estuvieron acompa\u00f1ados por la<strong>\u00a0<\/strong>dirigente de CGT Regional Olavarr\u00eda\u00a0y del sindicato Suterh,\u00a0Estela Peralta, docentes e integrantes del movimiento Nuestra Am\u00e9rica.<\/p>\n\n\n\n<div class=\"wp-block-jetpack-slideshow aligncenter\" data-effect=\"slide\"><div class=\"wp-block-jetpack-slideshow_container swiper-container\"><ul class=\"wp-block-jetpack-slideshow_swiper-wrapper swiper-wrapper\"><li class=\"wp-block-jetpack-slideshow_slide swiper-slide\"><figure><img data-recalc-dims=\"1\" loading=\"lazy\" decoding=\"async\" width=\"800\" height=\"445\" alt=\"\" class=\"wp-block-jetpack-slideshow_image wp-image-167505\" data-id=\"167505\" src=\"https:\/\/i0.wp.com\/cdnoticias.com\/wp-content\/uploads\/2025\/03\/jubilados-manifestacion-04.png?resize=800%2C445&#038;ssl=1\" srcset=\"https:\/\/i0.wp.com\/cdnoticias.com\/wp-content\/uploads\/2025\/03\/jubilados-manifestacion-04.png?w=800&amp;ssl=1 800w, https:\/\/i0.wp.com\/cdnoticias.com\/wp-content\/uploads\/2025\/03\/jubilados-manifestacion-04.png?resize=300%2C167&amp;ssl=1 300w, https:\/\/i0.wp.com\/cdnoticias.com\/wp-content\/uploads\/2025\/03\/jubilados-manifestacion-04.png?resize=768%2C427&amp;ssl=1 768w\" sizes=\"(max-width: 800px) 100vw, 800px\" \/><\/figure><\/li><li class=\"wp-block-jetpack-slideshow_slide swiper-slide\"><figure><img data-recalc-dims=\"1\" loading=\"lazy\" decoding=\"async\" width=\"800\" height=\"445\" alt=\"\" class=\"wp-block-jetpack-slideshow_image wp-image-167504\" data-id=\"167504\" src=\"https:\/\/i0.wp.com\/cdnoticias.com\/wp-content\/uploads\/2025\/03\/jubilados-manifestacion-03.png?resize=800%2C445&#038;ssl=1\" srcset=\"https:\/\/i0.wp.com\/cdnoticias.com\/wp-content\/uploads\/2025\/03\/jubilados-manifestacion-03.png?w=800&amp;ssl=1 800w, https:\/\/i0.wp.com\/cdnoticias.com\/wp-content\/uploads\/2025\/03\/jubilados-manifestacion-03.png?resize=300%2C167&amp;ssl=1 300w, https:\/\/i0.wp.com\/cdnoticias.com\/wp-content\/uploads\/2025\/03\/jubilados-manifestacion-03.png?resize=768%2C427&amp;ssl=1 768w\" sizes=\"(max-width: 800px) 100vw, 800px\" \/><\/figure><\/li><li class=\"wp-block-jetpack-slideshow_slide swiper-slide\"><figure><img data-recalc-dims=\"1\" loading=\"lazy\" decoding=\"async\" width=\"800\" height=\"445\" alt=\"\" class=\"wp-block-jetpack-slideshow_image wp-image-167503\" data-id=\"167503\" src=\"https:\/\/i0.wp.com\/cdnoticias.com\/wp-content\/uploads\/2025\/03\/jubilados-manifestacion-02.png?resize=800%2C445&#038;ssl=1\" srcset=\"https:\/\/i0.wp.com\/cdnoticias.com\/wp-content\/uploads\/2025\/03\/jubilados-manifestacion-02.png?w=800&amp;ssl=1 800w, https:\/\/i0.wp.com\/cdnoticias.com\/wp-content\/uploads\/2025\/03\/jubilados-manifestacion-02.png?resize=300%2C167&amp;ssl=1 300w, https:\/\/i0.wp.com\/cdnoticias.com\/wp-content\/uploads\/2025\/03\/jubilados-manifestacion-02.png?resize=768%2C427&amp;ssl=1 768w\" sizes=\"(max-width: 800px) 100vw, 800px\" \/><\/figure><\/li><li class=\"wp-block-jetpack-slideshow_slide swiper-slide\"><figure><img data-recalc-dims=\"1\" loading=\"lazy\" decoding=\"async\" width=\"800\" height=\"445\" alt=\"\" class=\"wp-block-jetpack-slideshow_image wp-image-167506\" data-id=\"167506\" src=\"https:\/\/i0.wp.com\/cdnoticias.com\/wp-content\/uploads\/2025\/03\/jubilados-manifestacion-05.png?resize=800%2C445&#038;ssl=1\" srcset=\"https:\/\/i0.wp.com\/cdnoticias.com\/wp-content\/uploads\/2025\/03\/jubilados-manifestacion-05.png?w=800&amp;ssl=1 800w, https:\/\/i0.wp.com\/cdnoticias.com\/wp-content\/uploads\/2025\/03\/jubilados-manifestacion-05.png?resize=300%2C167&amp;ssl=1 300w, https:\/\/i0.wp.com\/cdnoticias.com\/wp-content\/uploads\/2025\/03\/jubilados-manifestacion-05.png?resize=768%2C427&amp;ssl=1 768w\" sizes=\"(max-width: 800px) 100vw, 800px\" \/><\/figure><\/li><\/ul><a class=\"wp-block-jetpack-slideshow_button-prev swiper-button-prev swiper-button-white\" role=\"button\"><\/a><a class=\"wp-block-jetpack-slideshow_button-next swiper-button-next swiper-button-white\" role=\"button\"><\/a><a aria-label=\"Pause Slideshow\" class=\"wp-block-jetpack-slideshow_button-pause\" role=\"button\"><\/a><div class=\"wp-block-jetpack-slideshow_pagination swiper-pagination swiper-pagination-white\"><\/div><\/div><\/div>\n\n\n\n<p><\/p>\n\n\n\n<p>Como se realiz\u00f3 en la primera manifestaci\u00f3n, hubo distintos oradores que se\u00f1alaron los<strong> bajos haberes que \u201cno llegan a cubrir las necesidades m\u00ednimas de supervivencia\u201d.<\/strong> As\u00ed como la<strong> quita de medicamentos gratuitos.<\/strong><\/p>\n\n\n\n<p><\/p>\n\n\n\n<p>Por otra parte, resaltaron la \u201cincierta\u201d situaci\u00f3n del<strong> Fondo de Garant\u00edas de Sustentabilidad<\/strong> \u201csujeto a la arbitrariedad de decisiones que puede tomar el gobierno para su uso a partir de la Ley Bases y un panorama socioecon\u00f3mico general que agudiza la situaci\u00f3n de los jubilados en particular\u201d.<\/p>\n","protected":false},"excerpt":{"rendered":"<p>Fue este mi\u00e9rcoles frente a la sede de Belgrano 2635 en consonancia con la protesta en Capital Federal. Este mi\u00e9rcoles<\/p>\n","protected":false},"author":5,"featured_media":167502,"comment_status":"closed","ping_status":"closed","sticky":false,"template":"","format":"standard","meta":{"_jetpack_memberships_contains_paid_content":false,"footnotes":""},"categories":[4,1],"tags":[],"class_list":["post-167501","post","type-post","status-publish","format-standard","has-post-thumbnail","hentry","category-politica","category-portada"],"jetpack_featured_media_url":"https:\/\/i0.wp.com\/cdnoticias.com\/wp-content\/uploads\/2025\/03\/jubilados-manifestacion-01.png?fit=800%2C445&ssl=1","jetpack_sharing_enabled":true,"_links":{"self":[{"href":"https:\/\/cdnoticias.com\/index.php\/wp-json\/wp\/v2\/posts\/167501","targetHints":{"allow":["GET"]}}],"collection":[{"href":"https:\/\/cdnoticias.com\/index.php\/wp-json\/wp\/v2\/posts"}],"about":[{"href":"https:\/\/cdnoticias.com\/index.php\/wp-json\/wp\/v2\/types\/post"}],"author":[{"embeddable":true,"href":"https:\/\/cdnoticias.com\/index.php\/wp-json\/wp\/v2\/users\/5"}],"replies":[{"embeddable":true,"href":"https:\/\/cdnoticias.com\/index.php\/wp-json\/wp\/v2\/comments?post=167501"}],"version-history":[{"count":0,"href":"https:\/\/cdnoticias.com\/index.php\/wp-json\/wp\/v2\/posts\/167501\/revisions"}],"wp:featuredmedia":[{"embeddable":true,"href":"https:\/\/cdnoticias.com\/index.php\/wp-json\/wp\/v2\/media\/167502"}],"wp:attachment":[{"href":"https:\/\/cdnoticias.com\/index.php\/wp-json\/wp\/v2\/media?parent=167501"}],"wp:term":[{"taxonomy":"category","embeddable":true,"href":"https:\/\/cdnoticias.com\/index.php\/wp-json\/wp\/v2\/categories?post=167501"},{"taxonomy":"post_tag","embeddable":true,"href":"https:\/\/cdnoticias.com\/index.php\/wp-json\/wp\/v2\/tags?post=167501"}],"curies":[{"name":"wp","href":"https:\/\/api.w.org\/{rel}","templated":true}]}}