{"id":167499,"date":"2025-03-26T10:30:33","date_gmt":"2025-03-26T13:30:33","guid":{"rendered":"https:\/\/cdnoticias.com\/?p=167499"},"modified":"2025-03-26T17:32:00","modified_gmt":"2025-03-26T20:32:00","slug":"corte-de-luz-afecta-a-localidades-y-barrios-de-olavarria","status":"publish","type":"post","link":"https:\/\/cdnoticias.com\/index.php\/2025\/03\/26\/corte-de-luz-afecta-a-localidades-y-barrios-de-olavarria\/","title":{"rendered":"Corte de luz afecta a localidades y barrios de Olavarr\u00eda"},"content":{"rendered":"\n<p>Durante la ma\u00f1ana de este mi\u00e9rcoles sali\u00f3 de servicio la L\u00ednea N\u00b0 1 de Media Tensi\u00f3n.<\/p>\n\n\n\n<hr class=\"wp-block-separator has-alpha-channel-opacity\"\/>\n\n\n\n<p>Desde Coopelectric se inform\u00f3 que<strong> durante la ma\u00f1ana del mi\u00e9rcoles se registr\u00f3 la salida de servicio de la L\u00ednea N\u00b0 1 de Media Tensi\u00f3n.<\/strong><\/p>\n\n\n\n<p><\/p>\n\n\n\n<p>Este inconveniente ocasion\u00f3 la interrupci\u00f3n del suministro en las localidades de<strong> Sierra Chica y Colonia Hinojo, el Aut\u00f3dromo y los barrios Cuarteles y Mataderos.<\/strong><\/p>\n\n\n\n<p><\/p>\n\n\n\n<p>Se indic\u00f3 que el personal de la cooperativa realiza las<strong> tareas operativas necesarias para poder restablecer el servicio.<\/strong><\/p>\n","protected":false},"excerpt":{"rendered":"<p>Durante la ma\u00f1ana de este mi\u00e9rcoles sali\u00f3 de servicio la L\u00ednea N\u00b0 1 de Media Tensi\u00f3n. Desde Coopelectric se inform\u00f3<\/p>\n","protected":false},"author":5,"featured_media":134717,"comment_status":"closed","ping_status":"closed","sticky":false,"template":"","format":"standard","meta":{"_jetpack_memberships_contains_paid_content":false,"footnotes":""},"categories":[5,1],"tags":[],"class_list":["post-167499","post","type-post","status-publish","format-standard","has-post-thumbnail","hentry","category-informacion-general","category-portada"],"jetpack_featured_media_url":"https:\/\/i0.wp.com\/cdnoticias.com\/wp-content\/uploads\/2025\/01\/corte-programado-coopelectric1.jpg?fit=1072%2C597&ssl=1","jetpack_sharing_enabled":true,"_links":{"self":[{"href":"https:\/\/cdnoticias.com\/index.php\/wp-json\/wp\/v2\/posts\/167499","targetHints":{"allow":["GET"]}}],"collection":[{"href":"https:\/\/cdnoticias.com\/index.php\/wp-json\/wp\/v2\/posts"}],"about":[{"href":"https:\/\/cdnoticias.com\/index.php\/wp-json\/wp\/v2\/types\/post"}],"author":[{"embeddable":true,"href":"https:\/\/cdnoticias.com\/index.php\/wp-json\/wp\/v2\/users\/5"}],"replies":[{"embeddable":true,"href":"https:\/\/cdnoticias.com\/index.php\/wp-json\/wp\/v2\/comments?post=167499"}],"version-history":[{"count":0,"href":"https:\/\/cdnoticias.com\/index.php\/wp-json\/wp\/v2\/posts\/167499\/revisions"}],"wp:featuredmedia":[{"embeddable":true,"href":"https:\/\/cdnoticias.com\/index.php\/wp-json\/wp\/v2\/media\/134717"}],"wp:attachment":[{"href":"https:\/\/cdnoticias.com\/index.php\/wp-json\/wp\/v2\/media?parent=167499"}],"wp:term":[{"taxonomy":"category","embeddable":true,"href":"https:\/\/cdnoticias.com\/index.php\/wp-json\/wp\/v2\/categories?post=167499"},{"taxonomy":"post_tag","embeddable":true,"href":"https:\/\/cdnoticias.com\/index.php\/wp-json\/wp\/v2\/tags?post=167499"}],"curies":[{"name":"wp","href":"https:\/\/api.w.org\/{rel}","templated":true}]}}