{"id":167462,"date":"2025-03-26T09:36:33","date_gmt":"2025-03-26T12:36:33","guid":{"rendered":"https:\/\/cdnoticias.com\/?p=167462"},"modified":"2025-03-26T09:36:35","modified_gmt":"2025-03-26T12:36:35","slug":"nuevo-proyecto-de-ley-en-la-legislatura-para-modificar-la-vtv","status":"publish","type":"post","link":"https:\/\/cdnoticias.com\/index.php\/2025\/03\/26\/nuevo-proyecto-de-ley-en-la-legislatura-para-modificar-la-vtv\/","title":{"rendered":"Nuevo proyecto de ley en la Legislatura para modificar la VTV"},"content":{"rendered":"<p>Forma de control, plazos y talleres son los tres puntos para los que se proponen cambios. El objetivo es \u201cmodernizar y flexibilizar\u201d la verificaci\u00f3n en la provincia de Buenos Aires y \u201cadecuarla a los cambios nacionales\u201d.<!--more--><\/p>\n<hr \/>\n<p>Un<strong> nuevo proyecto de Ley, autor\u00eda del diputado provincial Emiliano Balb\u00edn<\/strong>, se present\u00f3<strong> en la Legislatura<\/strong> con el objetivo de introducir<strong> modificaciones en el r\u00e9gimen de la Verificaci\u00f3n T\u00e9cnica Vehicular (VTV)<\/strong>.<em> \u201cLa iniciativa busca optimizar el sistema, extender los plazos para veh\u00edculos nuevos y habilitar una mayor cantidad de talleres para realizar la inspecci\u00f3n, priorizando la seguridad vial sin vincularla a cuestiones tributarias\u201d<\/em>, se\u00f1al\u00f3 el legislador.<\/p>\n<p>Seg\u00fan se explic\u00f3, el proyecto<strong> propone la modificaci\u00f3n del art\u00edculo 16<\/strong> de la ley vigente estableciendo que la <strong>reglamentaci\u00f3n definir\u00e1 las piezas y sistemas a examinar, la periodicidad de revisi\u00f3n, el procedimiento, los criterios de evaluaci\u00f3n, la habilitaci\u00f3n de los lugares de verificaci\u00f3n y los costos asociados<\/strong>. Adicionalmente, se faculta a la autoridad competente a implementar <strong>controles t\u00e9cnicos mensuales obligatorios y aleatorios en la v\u00eda p\u00fablica<\/strong>, enfocados en la emisi\u00f3n de contaminantes y componentes de seguridad esenciales como frenos, luces, neum\u00e1ticos, paragolpes, cinturones, extintores, balizas, asientos e higiene en veh\u00edculos de transporte de personas.<\/p>\n<p>Una de las novedades m\u00e1s destacadas es la<strong> incorporaci\u00f3n del art\u00edculo 18 bis<\/strong>, que permitir\u00e1 <strong>el registro de talleres de Verificaci\u00f3n T\u00e9cnica Vehicular de diversas categor\u00edas<\/strong>. \u201cDe esta manera, <em>la VTV podr\u00e1 realizarse en cualquier taller, concesionaria o importador de veh\u00edculos que demuestre la capacidad t\u00e9cnica<\/em> para corroborar las condiciones m\u00ednimas requeridas. <em>Todo taller calificado, con instalaciones y equipamiento adecuado, podr\u00e1 realizar la verificaci\u00f3n de todo tipo de veh\u00edculo<\/em>, ya sea particular o comercial, de pasajeros o de carga, antiguo o especial\u201d expres\u00f3 el autor de la iniciativa.<\/p>\n<figure id=\"attachment_96561\" aria-describedby=\"caption-attachment-96561\" style=\"width: 800px\" class=\"wp-caption aligncenter\"><img data-recalc-dims=\"1\" loading=\"lazy\" decoding=\"async\" class=\"wp-image-96561 size-full\" src=\"https:\/\/i0.wp.com\/cdnoticias.com\/wp-content\/uploads\/2023\/09\/diputado-provincial-Emiliano-Balbin.jpg?resize=800%2C445&#038;ssl=1\" alt=\"\" width=\"800\" height=\"445\" srcset=\"https:\/\/i0.wp.com\/cdnoticias.com\/wp-content\/uploads\/2023\/09\/diputado-provincial-Emiliano-Balbin.jpg?w=800&amp;ssl=1 800w, https:\/\/i0.wp.com\/cdnoticias.com\/wp-content\/uploads\/2023\/09\/diputado-provincial-Emiliano-Balbin.jpg?resize=300%2C167&amp;ssl=1 300w, https:\/\/i0.wp.com\/cdnoticias.com\/wp-content\/uploads\/2023\/09\/diputado-provincial-Emiliano-Balbin.jpg?resize=768%2C427&amp;ssl=1 768w\" sizes=\"auto, (max-width: 800px) 100vw, 800px\" \/><figcaption id=\"caption-attachment-96561\" class=\"wp-caption-text\">Diputado provincial Emiliano Balb\u00edn.<\/figcaption><\/figure>\n<p>En cuanto a la <strong>periodicidad de las verificaciones<\/strong>, el proyecto<strong> incorpora el art\u00edculo 18 ter<\/strong>, estableciendo <strong>un plazo de gracia de sesenta (60) meses -5 a\u00f1os- para la primera VTV de unidades particulares cero kil\u00f3metro<\/strong>, contados desde su patentamiento inicial (con excepci\u00f3n de veh\u00edculos importados usados sin Licencia de Configuraci\u00f3n de Modelo\/Ambiental). Para <strong>veh\u00edculos que no sean de uso particular<\/strong>, el plazo de gracia para la primera VTV no podr\u00e1 exceder los <strong>doce (12) meses desde el patentamiento.<\/strong><\/p>\n<p>Respecto a la VTV peri\u00f3dica, para <strong>unidades particulares con una antig\u00fcedad no mayor a diez (10) a\u00f1os<\/strong> desde su patentamiento,<strong> la vigencia ser\u00e1 de veinticuatro (24) meses -2 a\u00f1os-<\/strong>. Para veh\u00edculos de <strong>mayor antig\u00fcedad, la vigencia ser\u00e1 de doce (12) meses -1 a\u00f1os-<\/strong>. Se contempla la posibilidad de que la autoridad de aplicaci\u00f3n establezca plazos mayores, excepto para veh\u00edculos que no sean de uso particular, donde la vigencia m\u00e1xima seguir\u00e1 siendo de doce (12) meses.<\/p>\n<blockquote>\n<p>Al respecto, el diputado Balb\u00edn indic\u00f3 que \u201cla VTV es una herramienta fundamental para garantizar la seguridad vial, para las condiciones m\u00ednimas de seguridad de los veh\u00edculos para sus ocupantes y otros usuarios de la v\u00eda p\u00fablica. La necesidad de extender los plazos para veh\u00edculos nuevos se basa en los datos de siniestralidad vial que indican que las fallas de autopartes no son la principal causa de accidentes, siendo el factor humano el de mayor incidencia, seguido por las condiciones de infraestructura\u201d.<\/p>\n<\/blockquote>\n<p>\u201cAsimismo -continu\u00f3 Balb\u00edn-, <strong>reconocemos la inversi\u00f3n en seguridad por parte de las automotrices en los \u00faltimos a\u00f1os<\/strong>, incorporando sistemas avanzados como ABS y control de estabilidad, entre otros. Tambi\u00e9n creemos importante <strong>habilitar una mayor cantidad de talleres para realizar la VTV<\/strong>, para agilizar el proceso y evitar las demoras que actualmente sufren los ciudadanos en muchas localidades de la Provincia\u201d.<\/p>\n<p>El proyecto de ley busca <strong>armonizar la normativa provincial con la legislaci\u00f3n nacional vigente<\/strong> (Ley de Tr\u00e1nsito N\u00ba 24.449 y su reglamentaci\u00f3n), priorizando la seguridad vial y buscando un alivio para los conductores particulares de la provincia de Buenos Aires.<\/p>\n<blockquote class=\"wp-embedded-content\" data-secret=\"Vq1nE0WJLV\"><p><a href=\"https:\/\/cdnoticias.com\/index.php\/2025\/03\/18\/ley-de-transito-oficializan-cambios-en-la-licencia-de-conducir-vtv-y-peajes-inteligentes\/\">Ley de Tr\u00e1nsito: oficializan cambios en la licencia de conducir, VTV y peajes inteligentes<\/a><\/p><\/blockquote>\n<p><iframe loading=\"lazy\" class=\"wp-embedded-content\" sandbox=\"allow-scripts\" security=\"restricted\" style=\"position: absolute; visibility: hidden;\" title=\"&#8220;Ley de Tr\u00e1nsito: oficializan cambios en la licencia de conducir, VTV y peajes inteligentes&#8221; &#8212; Central de Noticias | Olavarr\u00eda\" src=\"https:\/\/cdnoticias.com\/index.php\/2025\/03\/18\/ley-de-transito-oficializan-cambios-en-la-licencia-de-conducir-vtv-y-peajes-inteligentes\/embed\/#?secret=4WBo7H5WeN#?secret=Vq1nE0WJLV\" data-secret=\"Vq1nE0WJLV\" width=\"600\" height=\"338\" frameborder=\"0\" marginwidth=\"0\" marginheight=\"0\" scrolling=\"no\"><\/iframe><\/p>\n","protected":false},"excerpt":{"rendered":"<p>Forma de control, plazos y talleres son los tres puntos para los que se proponen cambios. El objetivo es \u201cmodernizar<\/p>\n","protected":false},"author":4,"featured_media":117319,"comment_status":"closed","ping_status":"closed","sticky":false,"template":"","format":"standard","meta":{"_jetpack_memberships_contains_paid_content":false,"footnotes":""},"categories":[6,1],"tags":[],"class_list":["post-167462","post","type-post","status-publish","format-standard","has-post-thumbnail","hentry","category-nacionales","category-portada"],"jetpack_featured_media_url":"https:\/\/i0.wp.com\/cdnoticias.com\/wp-content\/uploads\/2024\/05\/VTV-05.jpg?fit=1000%2C556&ssl=1","jetpack_sharing_enabled":true,"_links":{"self":[{"href":"https:\/\/cdnoticias.com\/index.php\/wp-json\/wp\/v2\/posts\/167462","targetHints":{"allow":["GET"]}}],"collection":[{"href":"https:\/\/cdnoticias.com\/index.php\/wp-json\/wp\/v2\/posts"}],"about":[{"href":"https:\/\/cdnoticias.com\/index.php\/wp-json\/wp\/v2\/types\/post"}],"author":[{"embeddable":true,"href":"https:\/\/cdnoticias.com\/index.php\/wp-json\/wp\/v2\/users\/4"}],"replies":[{"embeddable":true,"href":"https:\/\/cdnoticias.com\/index.php\/wp-json\/wp\/v2\/comments?post=167462"}],"version-history":[{"count":0,"href":"https:\/\/cdnoticias.com\/index.php\/wp-json\/wp\/v2\/posts\/167462\/revisions"}],"wp:featuredmedia":[{"embeddable":true,"href":"https:\/\/cdnoticias.com\/index.php\/wp-json\/wp\/v2\/media\/117319"}],"wp:attachment":[{"href":"https:\/\/cdnoticias.com\/index.php\/wp-json\/wp\/v2\/media?parent=167462"}],"wp:term":[{"taxonomy":"category","embeddable":true,"href":"https:\/\/cdnoticias.com\/index.php\/wp-json\/wp\/v2\/categories?post=167462"},{"taxonomy":"post_tag","embeddable":true,"href":"https:\/\/cdnoticias.com\/index.php\/wp-json\/wp\/v2\/tags?post=167462"}],"curies":[{"name":"wp","href":"https:\/\/api.w.org\/{rel}","templated":true}]}}