{"id":167452,"date":"2025-03-25T12:32:42","date_gmt":"2025-03-25T15:32:42","guid":{"rendered":"https:\/\/cdnoticias.com\/?p=167452"},"modified":"2025-03-25T17:36:31","modified_gmt":"2025-03-25T20:36:31","slug":"bomberos-de-25-de-mayo-encontraron-un-cuerpo-en-canal-pineyro","status":"publish","type":"post","link":"https:\/\/cdnoticias.com\/index.php\/2025\/03\/25\/bomberos-de-25-de-mayo-encontraron-un-cuerpo-en-canal-pineyro\/","title":{"rendered":"Bomberos de 25 de Mayo encontraron un cuerpo en Canal Pi\u00f1eyro"},"content":{"rendered":"\n<p>Se estima que es uno de los desaparecidos tras el accidente ocurrido d\u00edas atr\u00e1s en ruta 205. El intendente Ramiro Eg\u00fcen y la fiscal Sebasti\u00e1n se apersonar\u00eda en el lugar.<\/p>\n\n\n\n<hr class=\"wp-block-separator aligncenter has-alpha-channel-opacity\"\/>\n\n\n\n<p>En la jornada de este martes,<strong> Bomberos Voluntarios de 25 de Mayo hallaron un cuerpo en la zona del Canal Pi\u00f1eyro, y se presume que es uno de los dos desaparecidos tras un violento accidente en ruta 205<\/strong>.<\/p>\n\n\n\n<p>Fue en jurisdicci\u00f3n de 25 de Mayo, por lo que <strong>r\u00e1pidamente se dio aviso y la fiscal de la causa, Julia Mar\u00eda Sebasti\u00e1n, en conjunto con el intendente Ramiro Eg\u00fcen, se dirig\u00edan al lugar para constatar el hecho y ponerse a disposici\u00f3n.<\/strong><\/p>\n\n\n\n<p>Si bien no est\u00e1 confirmado<strong>, teniendo en cuenta el lugar y la b\u00fasqueda de d\u00edas atr\u00e1s se presume que se trata de uno de los desaparecidos tras el accidente ocurrido d\u00edas atr\u00e1s en Ruta 205.<\/strong><\/p>\n\n\n\n<figure class=\"wp-block-embed is-type-wp-embed is-provider-central-de-noticias-olavarr-a wp-block-embed-central-de-noticias-olavarr-a\"><div class=\"wp-block-embed__wrapper\">\n<blockquote class=\"wp-embedded-content\" data-secret=\"EYEhsvbtT0\"><a href=\"https:\/\/cdnoticias.com\/index.php\/2025\/03\/25\/en-condiciones-aun-adversas-continua-la-busqueda-de-tres-personas-en-bolivar\/\">En condiciones a\u00fan adversas, contin\u00faa la b\u00fasqueda de tres personas en Bol\u00edvar<\/a><\/blockquote><iframe loading=\"lazy\" class=\"wp-embedded-content\" sandbox=\"allow-scripts\" security=\"restricted\" style=\"position: absolute; visibility: hidden;\" title=\"&#8220;En condiciones a\u00fan adversas, contin\u00faa la b\u00fasqueda de tres personas en Bol\u00edvar&#8221; &#8212; Central de Noticias | Olavarr\u00eda\" src=\"https:\/\/cdnoticias.com\/index.php\/2025\/03\/25\/en-condiciones-aun-adversas-continua-la-busqueda-de-tres-personas-en-bolivar\/embed\/#?secret=6tj263NWOm#?secret=EYEhsvbtT0\" data-secret=\"EYEhsvbtT0\" width=\"600\" height=\"338\" frameborder=\"0\" marginwidth=\"0\" marginheight=\"0\" scrolling=\"no\"><\/iframe>\n<\/div><\/figure>\n\n\n\n<p>Cabe recordar que el pasado s\u00e1bado, <strong>en un choque por alcance entre dos camionetas, uno de los veh\u00edculos cay\u00f3 al Canal Pi\u00f1eyro con sus tres ocupantes a bordo.<\/strong><\/p>\n\n\n\n<p><strong>El conductor de la camioneta logr\u00f3 salir por sus medios ileso, mientras que los otros dos ocupantes quedaron atrapados y se los llev\u00f3 la corriente.<\/strong> Desde ese momento, comenz\u00f3 una intensa b\u00fasqueda que, por ahora, habr\u00eda dado como resultado el hallazgo de un cuerpo que con el correr de las horas ser\u00e1 identificado.<\/p>\n\n\n\n<figure class=\"wp-block-embed is-type-wp-embed is-provider-central-de-noticias-olavarr-a wp-block-embed-central-de-noticias-olavarr-a\"><div class=\"wp-block-embed__wrapper\">\n<blockquote class=\"wp-embedded-content\" data-secret=\"zqQcV04HUo\"><a href=\"https:\/\/cdnoticias.com\/index.php\/2025\/03\/22\/bolivar-choque-dejo-cuatro-heridos-y-dos-personas-desaparecidas-en-el-canal-pineyro\/\">Bol\u00edvar: choque dej\u00f3 cuatro heridos y dos personas desaparecidas en el Canal Pi\u00f1eyro<\/a><\/blockquote><iframe loading=\"lazy\" class=\"wp-embedded-content\" sandbox=\"allow-scripts\" security=\"restricted\" style=\"position: absolute; visibility: hidden;\" title=\"&#8220;Bol\u00edvar: choque dej\u00f3 cuatro heridos y dos personas desaparecidas en el Canal Pi\u00f1eyro&#8221; &#8212; Central de Noticias | Olavarr\u00eda\" src=\"https:\/\/cdnoticias.com\/index.php\/2025\/03\/22\/bolivar-choque-dejo-cuatro-heridos-y-dos-personas-desaparecidas-en-el-canal-pineyro\/embed\/#?secret=7H2yUOVDNT#?secret=zqQcV04HUo\" data-secret=\"zqQcV04HUo\" width=\"600\" height=\"338\" frameborder=\"0\" marginwidth=\"0\" marginheight=\"0\" scrolling=\"no\"><\/iframe>\n<\/div><\/figure>\n","protected":false},"excerpt":{"rendered":"<p>Se estima que es uno de los desaparecidos tras el accidente ocurrido d\u00edas atr\u00e1s en ruta 205. El intendente Ramiro<\/p>\n","protected":false},"author":2,"featured_media":167453,"comment_status":"closed","ping_status":"closed","sticky":false,"template":"","format":"standard","meta":{"_jetpack_memberships_contains_paid_content":false,"footnotes":""},"categories":[14,1],"tags":[],"class_list":["post-167452","post","type-post","status-publish","format-standard","has-post-thumbnail","hentry","category-policiales","category-portada"],"jetpack_featured_media_url":"https:\/\/i0.wp.com\/cdnoticias.com\/wp-content\/uploads\/2025\/03\/486081424_18272656315252974_4783404714005717571_n.jpg?fit=960%2C673&ssl=1","jetpack_sharing_enabled":true,"_links":{"self":[{"href":"https:\/\/cdnoticias.com\/index.php\/wp-json\/wp\/v2\/posts\/167452","targetHints":{"allow":["GET"]}}],"collection":[{"href":"https:\/\/cdnoticias.com\/index.php\/wp-json\/wp\/v2\/posts"}],"about":[{"href":"https:\/\/cdnoticias.com\/index.php\/wp-json\/wp\/v2\/types\/post"}],"author":[{"embeddable":true,"href":"https:\/\/cdnoticias.com\/index.php\/wp-json\/wp\/v2\/users\/2"}],"replies":[{"embeddable":true,"href":"https:\/\/cdnoticias.com\/index.php\/wp-json\/wp\/v2\/comments?post=167452"}],"version-history":[{"count":0,"href":"https:\/\/cdnoticias.com\/index.php\/wp-json\/wp\/v2\/posts\/167452\/revisions"}],"wp:featuredmedia":[{"embeddable":true,"href":"https:\/\/cdnoticias.com\/index.php\/wp-json\/wp\/v2\/media\/167453"}],"wp:attachment":[{"href":"https:\/\/cdnoticias.com\/index.php\/wp-json\/wp\/v2\/media?parent=167452"}],"wp:term":[{"taxonomy":"category","embeddable":true,"href":"https:\/\/cdnoticias.com\/index.php\/wp-json\/wp\/v2\/categories?post=167452"},{"taxonomy":"post_tag","embeddable":true,"href":"https:\/\/cdnoticias.com\/index.php\/wp-json\/wp\/v2\/tags?post=167452"}],"curies":[{"name":"wp","href":"https:\/\/api.w.org\/{rel}","templated":true}]}}