{"id":167442,"date":"2025-03-25T12:14:23","date_gmt":"2025-03-25T15:14:23","guid":{"rendered":"https:\/\/cdnoticias.com\/?p=167442"},"modified":"2025-03-25T12:14:40","modified_gmt":"2025-03-25T15:14:40","slug":"en-condiciones-aun-adversas-continua-la-busqueda-de-tres-personas-en-bolivar","status":"publish","type":"post","link":"https:\/\/cdnoticias.com\/index.php\/2025\/03\/25\/en-condiciones-aun-adversas-continua-la-busqueda-de-tres-personas-en-bolivar\/","title":{"rendered":"En condiciones a\u00fan adversas, contin\u00faa la b\u00fasqueda de tres personas en Bol\u00edvar"},"content":{"rendered":"\n<p>Dos de ellos sufrieron un accidente en ruta 205 mientras que el tercero, oriundo de Espigas, tuvo un accidente laboral donde al caer de su caballo, lo arrastr\u00f3 la corriente.<\/p>\n\n\n\n<hr class=\"wp-block-separator aligncenter has-alpha-channel-opacity\"\/>\n\n\n\n<p><em>Fotos e informaci\u00f3n: Presente Noticias<\/em><\/p>\n\n\n\n<p>Este martes, en la continuidad del operativo de b\u00fasqueda de las tres personas que sufrieron dos accidentes distintos el \u00faltimo s\u00e1bado,<strong> se retomaron las tareas para lograr la extracci\u00f3n de la estructura que podr\u00eda ser la camioneta en la que se trasladaban dos de las v\u00edctimas. Durante la jornada del lunes, se logr\u00f3 enganchar una linga y acercarla a la base del operativo, pero las condiciones del terreno y la fuerza del agua dificultaron los trabajos.<\/strong><\/p>\n\n\n\n<figure class=\"wp-block-image size-full\"><img data-recalc-dims=\"1\" loading=\"lazy\" decoding=\"async\" width=\"800\" height=\"426\" src=\"https:\/\/i0.wp.com\/cdnoticias.com\/wp-content\/uploads\/2025\/03\/busqueda-bolivar1.jpg?resize=800%2C426&#038;ssl=1\" alt=\"\" class=\"wp-image-167445\" srcset=\"https:\/\/i0.wp.com\/cdnoticias.com\/wp-content\/uploads\/2025\/03\/busqueda-bolivar1.jpg?w=987&amp;ssl=1 987w, https:\/\/i0.wp.com\/cdnoticias.com\/wp-content\/uploads\/2025\/03\/busqueda-bolivar1.jpg?resize=300%2C160&amp;ssl=1 300w, https:\/\/i0.wp.com\/cdnoticias.com\/wp-content\/uploads\/2025\/03\/busqueda-bolivar1.jpg?resize=768%2C409&amp;ssl=1 768w\" sizes=\"auto, (max-width: 800px) 100vw, 800px\" \/><\/figure>\n\n\n\n<figure class=\"wp-block-image size-large\"><img data-recalc-dims=\"1\" loading=\"lazy\" decoding=\"async\" width=\"800\" height=\"403\" src=\"https:\/\/i0.wp.com\/cdnoticias.com\/wp-content\/uploads\/2025\/03\/busqueda-bolivar2.jpg?resize=800%2C403&#038;ssl=1\" alt=\"\" class=\"wp-image-167446\" srcset=\"https:\/\/i0.wp.com\/cdnoticias.com\/wp-content\/uploads\/2025\/03\/busqueda-bolivar2.jpg?resize=1024%2C516&amp;ssl=1 1024w, https:\/\/i0.wp.com\/cdnoticias.com\/wp-content\/uploads\/2025\/03\/busqueda-bolivar2.jpg?resize=300%2C151&amp;ssl=1 300w, https:\/\/i0.wp.com\/cdnoticias.com\/wp-content\/uploads\/2025\/03\/busqueda-bolivar2.jpg?resize=768%2C387&amp;ssl=1 768w, https:\/\/i0.wp.com\/cdnoticias.com\/wp-content\/uploads\/2025\/03\/busqueda-bolivar2.jpg?w=1180&amp;ssl=1 1180w\" sizes=\"auto, (max-width: 800px) 100vw, 800px\" \/><\/figure>\n\n\n\n<p>El operativo es coordinado por la Direcci\u00f3n de Riesgos Especiales de la Superintendencia de Seguridad Siniestral de la provincia de Buenos Aires, con la participaci\u00f3n de efectivos policiales enviados por el Ministerio de Seguridad, personal de Defensa Civil local y provincial y Bomberos Voluntarios. <strong>Los equipos de trabajo se encuentran apostados en el kil\u00f3metro 271 de la Ruta Nacional 205, donde el tr\u00e1nsito permanece interrumpido para facilitar las tareas.<\/strong><\/p>\n\n\n\n<p>En declaraciones a La Naci\u00f3n, Jorge Garc\u00eda, jefe del Cuerpo Activo de Bomberos Voluntarios de Bol\u00edvar, detall\u00f3 que se estima que la camioneta podr\u00eda estar sumergida a unos 150 metros de la ruta y a una profundidad de cuatro a cinco metros. <em><strong>&#8220;Se dificulta su acceso, los buzos no quisieron entrar ayer por la fuerte correntada que hay&#8221;<\/strong><\/em>, explic\u00f3. Adem\u00e1s, advirti\u00f3 que no hay certeza de que las dos personas est\u00e9n atrapadas dentro del veh\u00edculo. <em>&#8220;No sabemos si por ah\u00ed fueron expulsados de la camioneta y siguieron curso&#8221;<\/em>, agreg\u00f3.<\/p>\n\n\n\n<figure class=\"wp-block-image size-full\"><img data-recalc-dims=\"1\" loading=\"lazy\" decoding=\"async\" width=\"800\" height=\"426\" src=\"https:\/\/i0.wp.com\/cdnoticias.com\/wp-content\/uploads\/2025\/03\/busqueda-bolivar3.jpg?resize=800%2C426&#038;ssl=1\" alt=\"\" class=\"wp-image-167447\" srcset=\"https:\/\/i0.wp.com\/cdnoticias.com\/wp-content\/uploads\/2025\/03\/busqueda-bolivar3.jpg?w=983&amp;ssl=1 983w, https:\/\/i0.wp.com\/cdnoticias.com\/wp-content\/uploads\/2025\/03\/busqueda-bolivar3.jpg?resize=300%2C160&amp;ssl=1 300w, https:\/\/i0.wp.com\/cdnoticias.com\/wp-content\/uploads\/2025\/03\/busqueda-bolivar3.jpg?resize=768%2C409&amp;ssl=1 768w\" sizes=\"auto, (max-width: 800px) 100vw, 800px\" \/><\/figure>\n\n\n\n<blockquote class=\"wp-block-quote is-layout-flow wp-block-quote-is-layout-flow\">\n<p>Para intentar extraer la estructura sumergida, el lunes por la tarde se convoc\u00f3 a una gr\u00faa de la empresa Remolques &#8216;El Trompa&#8217;, de Bol\u00edvar. La estrategia consiste en enganchar una segunda linga y utilizar el soporte de dos camiones con malacates para mantener el equilibrio y lograr la extracci\u00f3n con seguridad.<\/p>\n<\/blockquote>\n\n\n\n<p>Mientras tanto, <strong>la b\u00fasqueda del trabajador rural -oriundo de la localidad de Espigas- que tambi\u00e9n fue arrastrado por la corriente el s\u00e1bado en la zona de El Cabildo contin\u00faa con la participaci\u00f3n de drones del Ministerio de Seguridad, cinco lanchas, buzos t\u00e1cticos de la polic\u00eda provincial y el equipo de rescate acu\u00e1tico de los Bomberos Voluntarios de Bol\u00edvar<\/strong>.<em> &#8220;En esa zona la corriente es menos fuerte, pero hay mucho desborde de agua, por lo que es una zona muy amplia para rastrillar&#8221;,<\/em> explic\u00f3 Garc\u00eda.<\/p>\n\n\n\n<figure class=\"wp-block-image size-large\"><img data-recalc-dims=\"1\" loading=\"lazy\" decoding=\"async\" width=\"800\" height=\"534\" src=\"https:\/\/i0.wp.com\/cdnoticias.com\/wp-content\/uploads\/2025\/03\/busqueda-bolivar4.jpg?resize=800%2C534&#038;ssl=1\" alt=\"\" class=\"wp-image-167448\" srcset=\"https:\/\/i0.wp.com\/cdnoticias.com\/wp-content\/uploads\/2025\/03\/busqueda-bolivar4.jpg?resize=1024%2C684&amp;ssl=1 1024w, https:\/\/i0.wp.com\/cdnoticias.com\/wp-content\/uploads\/2025\/03\/busqueda-bolivar4.jpg?resize=300%2C200&amp;ssl=1 300w, https:\/\/i0.wp.com\/cdnoticias.com\/wp-content\/uploads\/2025\/03\/busqueda-bolivar4.jpg?resize=768%2C513&amp;ssl=1 768w, https:\/\/i0.wp.com\/cdnoticias.com\/wp-content\/uploads\/2025\/03\/busqueda-bolivar4.jpg?resize=272%2C182&amp;ssl=1 272w, https:\/\/i0.wp.com\/cdnoticias.com\/wp-content\/uploads\/2025\/03\/busqueda-bolivar4.jpg?w=1183&amp;ssl=1 1183w\" sizes=\"auto, (max-width: 800px) 100vw, 800px\" \/><\/figure>\n\n\n\n<p>Las condiciones clim\u00e1ticas han complicado las tareas de b\u00fasqueda desde el s\u00e1bado, y el desgaste f\u00edsico de los rescatistas se hace cada vez m\u00e1s evidente.<strong> A pesar de las dificultades, el operativo sigue adelante con la esperanza de hallar a las v\u00edctimas y esclarecer lo sucedido en estos tr\u00e1gicos episodios.<\/strong><\/p>\n","protected":false},"excerpt":{"rendered":"<p>Dos de ellos sufrieron un accidente en ruta 205 mientras que el tercero, oriundo de Espigas, tuvo un accidente laboral<\/p>\n","protected":false},"author":2,"featured_media":167444,"comment_status":"closed","ping_status":"closed","sticky":false,"template":"","format":"standard","meta":{"_jetpack_memberships_contains_paid_content":false,"footnotes":""},"categories":[6,1],"tags":[],"class_list":["post-167442","post","type-post","status-publish","format-standard","has-post-thumbnail","hentry","category-nacionales","category-portada"],"jetpack_featured_media_url":"https:\/\/i0.wp.com\/cdnoticias.com\/wp-content\/uploads\/2025\/03\/busqueda-bolivar.jpg?fit=978%2C649&ssl=1","jetpack_sharing_enabled":true,"_links":{"self":[{"href":"https:\/\/cdnoticias.com\/index.php\/wp-json\/wp\/v2\/posts\/167442","targetHints":{"allow":["GET"]}}],"collection":[{"href":"https:\/\/cdnoticias.com\/index.php\/wp-json\/wp\/v2\/posts"}],"about":[{"href":"https:\/\/cdnoticias.com\/index.php\/wp-json\/wp\/v2\/types\/post"}],"author":[{"embeddable":true,"href":"https:\/\/cdnoticias.com\/index.php\/wp-json\/wp\/v2\/users\/2"}],"replies":[{"embeddable":true,"href":"https:\/\/cdnoticias.com\/index.php\/wp-json\/wp\/v2\/comments?post=167442"}],"version-history":[{"count":0,"href":"https:\/\/cdnoticias.com\/index.php\/wp-json\/wp\/v2\/posts\/167442\/revisions"}],"wp:featuredmedia":[{"embeddable":true,"href":"https:\/\/cdnoticias.com\/index.php\/wp-json\/wp\/v2\/media\/167444"}],"wp:attachment":[{"href":"https:\/\/cdnoticias.com\/index.php\/wp-json\/wp\/v2\/media?parent=167442"}],"wp:term":[{"taxonomy":"category","embeddable":true,"href":"https:\/\/cdnoticias.com\/index.php\/wp-json\/wp\/v2\/categories?post=167442"},{"taxonomy":"post_tag","embeddable":true,"href":"https:\/\/cdnoticias.com\/index.php\/wp-json\/wp\/v2\/tags?post=167442"}],"curies":[{"name":"wp","href":"https:\/\/api.w.org\/{rel}","templated":true}]}}