{"id":167438,"date":"2025-03-25T12:11:10","date_gmt":"2025-03-25T15:11:10","guid":{"rendered":"https:\/\/cdnoticias.com\/?p=167438"},"modified":"2025-03-25T16:41:09","modified_gmt":"2025-03-25T19:41:09","slug":"la-pastoral-social-de-la-diocesis-de-azul-preocupacion-por-los-despidos-de-cerro-negro","status":"publish","type":"post","link":"https:\/\/cdnoticias.com\/index.php\/2025\/03\/25\/la-pastoral-social-de-la-diocesis-de-azul-preocupacion-por-los-despidos-de-cerro-negro\/","title":{"rendered":"La Pastoral Social de la Di\u00f3cesis de Azul, \u201cpreocupaci\u00f3n\u201d por los despidos de Cerro Negro"},"content":{"rendered":"<p>\u201cEl privilegio de lo econ\u00f3mico sobre lo humano tiene consecuencias que desdichadamente ya conocemos y que volvemos a lamentar\u201d sostuvo el Obispado.<!--more--><\/p>\n<hr \/>\n<p>La <strong>Pastoral Social de la Di\u00f3cesis de Azul<\/strong> emiti\u00f3 un <strong>comunicado para expresar \u201cpreocupaci\u00f3n por despidos\u201d de trabajadores de Cerro Negro en Olavarr\u00eda<\/strong> y pidi\u00f3 <strong>que esta \u201csituaci\u00f3n se pueda resolver\u201d<\/strong> en referencia a la intervenci\u00f3n del Ministerio de Trabajo.<\/p>\n<p>\u00a0<\/p>\n<p>En ese sentido, se indic\u00f3 que <strong>\u201cla semana pasada volvimos a recibir noticias que no quisi\u00e9ramos escuchar y que mucho lamentamos.<\/strong> Precisamente el jueves se dio a conocer que un centenar de trabajadores de la empresa Cerro Negro de la ciudad de Olavarr\u00eda fueron despedidos. En el marco de la <strong>paralizaci\u00f3n de la obra p\u00fablica (cierre de canteras en nuestra zona) y de la apertura de importaciones<\/strong> que reemplazan la mano de obra local por beneficios materiales, <strong>la decisi\u00f3n resiente y afecta gravemente al sector, a la convivencia, a nuestro deseo interno de caminar como naci\u00f3n, como familia argentina preocupados unos por otros\u201d<\/strong>. El jueves pasado se conocieron los <a href=\"https:\/\/cdnoticias.com\/index.php\/2025\/03\/20\/cerca-de-un-centenar-de-despidos-en-cerro-negro-habra-audiencia-en-el-ministerio-de-trabajo\/\" target=\"_blank\" rel=\"noopener\">despidos de 96 trabajadores de la principal empresa ceramista de nuestra ciudad<\/a>.<\/p>\n<p>\u00a0<\/p>\n<blockquote>\n<p>El Obispado de Azul sostuvo que \u201cel privilegio de lo econ\u00f3mico sobre lo humano tiene consecuencias que desdichadamente ya conocemos y que volvemos a lamentar, porque no aprendimos la herida que se causa al coraz\u00f3n del ser nacional que tanto nos cuesta construir en unidad\u201d.<\/p>\n<\/blockquote>\n<p>\u00a0<\/p>\n<p>Agreg\u00f3 que \u201cpara nadie es novedoso que situaciones de estas caracter\u00edsticas tienen<strong> efectos y consecuencias no s\u00f3lo en cada trabajador<\/strong> que ha sido despedido, sino en<strong> sus familias, en sus v\u00ednculos, en la comunidad pol\u00edtica de Olavarr\u00eda, en todo nuestro pueblo<\/strong>. <em>El crecimiento econ\u00f3mico nunca ser\u00e1 bienvenido si se produce en detrimento del crecimiento humano, social y laboral<\/em>\u201d.<\/p>\n<p>\u00a0<\/p>\n<p>La Pastoral Social de la Di\u00f3cesis de Azul cerr\u00f3 \u201cde nuevo dirigimos nuestras oraciones a la protecci\u00f3n de &#8216;Dios, fuente de toda raz\u00f3n y justicia&#8217; para que -en el marco de la <a href=\"https:\/\/cdnoticias.com\/index.php\/2025\/03\/20\/despidos-en-cerro-negro-dictaminaron-la-conciliacion-obligatoria-por-15-dias\/\" target=\"_blank\" rel=\"noopener\">conciliaci\u00f3n obligatoria dictada por el Ministerio de Trabajo de la provincia<\/a>&#8211;<strong> esta situaci\u00f3n se pueda resolver y que las negociaciones lleguen a buen t\u00e9rmino<\/strong>, teniendo en cuenta lo que el trabajo significa para la dignidad de las personas\u201d.<\/p>\n\n\n<p><\/p>\n","protected":false},"excerpt":{"rendered":"<p>\u201cEl privilegio de lo econ\u00f3mico sobre lo humano tiene consecuencias que desdichadamente ya conocemos y que volvemos a lamentar\u201d sostuvo<\/p>\n","protected":false},"author":4,"featured_media":167439,"comment_status":"closed","ping_status":"closed","sticky":false,"template":"","format":"standard","meta":{"_jetpack_memberships_contains_paid_content":false,"footnotes":""},"categories":[4,1],"tags":[],"class_list":["post-167438","post","type-post","status-publish","format-standard","has-post-thumbnail","hentry","category-politica","category-portada"],"jetpack_featured_media_url":"https:\/\/i0.wp.com\/cdnoticias.com\/wp-content\/uploads\/2025\/03\/cerro-negro.jpg?fit=854%2C476&ssl=1","jetpack_sharing_enabled":true,"_links":{"self":[{"href":"https:\/\/cdnoticias.com\/index.php\/wp-json\/wp\/v2\/posts\/167438","targetHints":{"allow":["GET"]}}],"collection":[{"href":"https:\/\/cdnoticias.com\/index.php\/wp-json\/wp\/v2\/posts"}],"about":[{"href":"https:\/\/cdnoticias.com\/index.php\/wp-json\/wp\/v2\/types\/post"}],"author":[{"embeddable":true,"href":"https:\/\/cdnoticias.com\/index.php\/wp-json\/wp\/v2\/users\/4"}],"replies":[{"embeddable":true,"href":"https:\/\/cdnoticias.com\/index.php\/wp-json\/wp\/v2\/comments?post=167438"}],"version-history":[{"count":0,"href":"https:\/\/cdnoticias.com\/index.php\/wp-json\/wp\/v2\/posts\/167438\/revisions"}],"wp:featuredmedia":[{"embeddable":true,"href":"https:\/\/cdnoticias.com\/index.php\/wp-json\/wp\/v2\/media\/167439"}],"wp:attachment":[{"href":"https:\/\/cdnoticias.com\/index.php\/wp-json\/wp\/v2\/media?parent=167438"}],"wp:term":[{"taxonomy":"category","embeddable":true,"href":"https:\/\/cdnoticias.com\/index.php\/wp-json\/wp\/v2\/categories?post=167438"},{"taxonomy":"post_tag","embeddable":true,"href":"https:\/\/cdnoticias.com\/index.php\/wp-json\/wp\/v2\/tags?post=167438"}],"curies":[{"name":"wp","href":"https:\/\/api.w.org\/{rel}","templated":true}]}}