{"id":16736,"date":"2021-03-21T09:30:51","date_gmt":"2021-03-21T12:30:51","guid":{"rendered":"http:\/\/www.centraldenoticias.com.ar\/?p=16736"},"modified":"2021-03-21T09:30:51","modified_gmt":"2021-03-21T12:30:51","slug":"dia-de-la-memoria-foro-olavarria-presenta-monte-pelloni-y-memoria-road-movie","status":"publish","type":"post","link":"https:\/\/cdnoticias.com\/index.php\/2021\/03\/21\/dia-de-la-memoria-foro-olavarria-presenta-monte-pelloni-y-memoria-road-movie\/","title":{"rendered":"D\u00eda de la Memoria: Foro Olavarr\u00eda presenta \u201cMonte Pelloni y memoria: Road Movie\u201d"},"content":{"rendered":"<p>En conmemoraci\u00f3n por el pr\u00f3ximo 24 de marzo, Foro Olavarr\u00eda y el Frente Renovador presentar\u00e1n una producci\u00f3n audiovisual que ser\u00e1 estrenada el pr\u00f3ximo mi\u00e9rcoles.<!--more--><\/p>\n<hr \/>\n<p>En conmemoraci\u00f3n a un nuevo D\u00eda de la Memoria el pr\u00f3ximo mi\u00e9rcoles 24 de marzo, <strong>el Foro Olavarr\u00eda y el Frente Renovador presentar\u00e1n una nueva producci\u00f3n audiovisual denominada \u201cMonte Pelloni y memoria: Road Movie\u201d<\/strong> que buscar\u00e1 mostrar las experiencias de un ex detenido en el Centro Clandestino de Detenci\u00f3n.<\/p>\n<p>&nbsp;<\/p>\n<blockquote><p>El espacio encabezado por el concejal Eduardo Rodr\u00edguez y la concejala In\u00e9s Creimer conmemorar\u00e1 esta fecha compartiendo la producci\u00f3n el pr\u00f3ximo mi\u00e9rcoles a las 00:00 horas a trav\u00e9s de las plataformas de Facebook Live y YouTube del Foro Olavarr\u00eda.<\/p><\/blockquote>\n<p>&nbsp;<\/p>\n<p>\u201c<em>Monte Pelloni y memoria: Road Movie\u201d<\/em> se trata de un <strong>recorrido cinematogr\u00e1fico en el que se cuentan las experiencias de Carlos Genson mientras estuvo detenido ilegalmente y desaparecido en dicho espacio.<\/strong><\/p>\n<p>&nbsp;<\/p>\n<p><img data-recalc-dims=\"1\" loading=\"lazy\" decoding=\"async\" class=\"alignnone size-full wp-image-16737\" src=\"https:\/\/i0.wp.com\/cdnoticias.com\/wp-content\/uploads\/2021\/03\/Road-Movie.jpeg?resize=800%2C600&#038;ssl=1\" alt=\"\" width=\"800\" height=\"600\" srcset=\"https:\/\/i0.wp.com\/cdnoticias.com\/wp-content\/uploads\/2021\/03\/Road-Movie.jpeg?w=1024&amp;ssl=1 1024w, https:\/\/i0.wp.com\/cdnoticias.com\/wp-content\/uploads\/2021\/03\/Road-Movie.jpeg?resize=300%2C225&amp;ssl=1 300w, https:\/\/i0.wp.com\/cdnoticias.com\/wp-content\/uploads\/2021\/03\/Road-Movie.jpeg?resize=768%2C576&amp;ssl=1 768w\" sizes=\"auto, (max-width: 800px) 100vw, 800px\" \/><\/p>\n<p>&nbsp;<\/p>\n<p>A trav\u00e9s de diversas tomas de los distintos puntos que gu\u00edan hacia el predio \u201cMonte Pelloni\u201d, ubicado a cercan\u00edas de la localidad de Sierras Bayas,<strong> la producci\u00f3n ofrece a los espectadores una experiencia \u00edntima sobre lo que signific\u00f3 el lugar en tiempos de la dictadura c\u00edvico-mlitar, adem\u00e1s de las reflexiones que el protagonista hace a\u00f1os despu\u00e9s de su liberaci\u00f3n.<\/strong> Entre los puntos m\u00e1s fuertes se encuentra el valor que tiene la participaci\u00f3n pol\u00edtica y el rol de la educaci\u00f3n en esta fecha. Por su parte, Luis Donatelli toma el papel de entrevistador logrando una conversaci\u00f3n amena y enriquecedora con Genson. La producci\u00f3n estuvo a cargo del equipo de Foro Olavarr\u00eda, bajo la coordinaci\u00f3n de Agust\u00edn Alfonzo.<\/p>\n<p>&nbsp;<\/p>\n<p><strong>La musicalizaci\u00f3n de &#8220;Monte Pelloni y memoria: Road Movie&#8221; estuvo a cargo de dos m\u00fasicos olavarrienses, Tom\u00e1s Correa y Gonzalo Cabri<\/strong>, quienes interpretaron dos versiones de <em>&#8220;No es lo mismo un balc\u00f3n que un bombardeo&#8221;,<\/em> canci\u00f3n popularizada por la banda marplatense Cient\u00edficos del Palo.<\/p>\n","protected":false},"excerpt":{"rendered":"<p>En conmemoraci\u00f3n por el pr\u00f3ximo 24 de marzo, Foro Olavarr\u00eda y el Frente Renovador presentar\u00e1n una producci\u00f3n audiovisual que ser\u00e1<\/p>\n","protected":false},"author":2,"featured_media":16738,"comment_status":"closed","ping_status":"closed","sticky":false,"template":"","format":"standard","meta":{"_jetpack_memberships_contains_paid_content":false,"footnotes":""},"categories":[4,1],"tags":[],"class_list":["post-16736","post","type-post","status-publish","format-standard","has-post-thumbnail","hentry","category-politica","category-portada"],"jetpack_featured_media_url":"https:\/\/i0.wp.com\/cdnoticias.com\/wp-content\/uploads\/2021\/03\/Road-Movie-1.jpeg?fit=1024%2C768&ssl=1","jetpack_sharing_enabled":true,"_links":{"self":[{"href":"https:\/\/cdnoticias.com\/index.php\/wp-json\/wp\/v2\/posts\/16736","targetHints":{"allow":["GET"]}}],"collection":[{"href":"https:\/\/cdnoticias.com\/index.php\/wp-json\/wp\/v2\/posts"}],"about":[{"href":"https:\/\/cdnoticias.com\/index.php\/wp-json\/wp\/v2\/types\/post"}],"author":[{"embeddable":true,"href":"https:\/\/cdnoticias.com\/index.php\/wp-json\/wp\/v2\/users\/2"}],"replies":[{"embeddable":true,"href":"https:\/\/cdnoticias.com\/index.php\/wp-json\/wp\/v2\/comments?post=16736"}],"version-history":[{"count":0,"href":"https:\/\/cdnoticias.com\/index.php\/wp-json\/wp\/v2\/posts\/16736\/revisions"}],"wp:featuredmedia":[{"embeddable":true,"href":"https:\/\/cdnoticias.com\/index.php\/wp-json\/wp\/v2\/media\/16738"}],"wp:attachment":[{"href":"https:\/\/cdnoticias.com\/index.php\/wp-json\/wp\/v2\/media?parent=16736"}],"wp:term":[{"taxonomy":"category","embeddable":true,"href":"https:\/\/cdnoticias.com\/index.php\/wp-json\/wp\/v2\/categories?post=16736"},{"taxonomy":"post_tag","embeddable":true,"href":"https:\/\/cdnoticias.com\/index.php\/wp-json\/wp\/v2\/tags?post=16736"}],"curies":[{"name":"wp","href":"https:\/\/api.w.org\/{rel}","templated":true}]}}