{"id":16734,"date":"2021-03-21T09:07:18","date_gmt":"2021-03-21T12:07:18","guid":{"rendered":"http:\/\/www.centraldenoticias.com.ar\/?p=16734"},"modified":"2021-03-21T09:07:18","modified_gmt":"2021-03-21T12:07:18","slug":"irma-eva-del-carmen-fernandez-de-martin-q-e-p-d","status":"publish","type":"post","link":"https:\/\/cdnoticias.com\/index.php\/2021\/03\/21\/irma-eva-del-carmen-fernandez-de-martin-q-e-p-d\/","title":{"rendered":"Irma Eva Del Carmen Fern\u00e1ndez de Martin (Q.E.P.D.)"},"content":{"rendered":"<p>Falleci\u00f3 en Olavarr\u00eda el 21 de marzo a los 66 a\u00f1os. Su esposo Pedro Martin; sus hijos Carlos, Fabi\u00e1n, Juan, Rub\u00e9n, Micaela, Lorena, David, Celeste, Emanuel y Dar\u00edo; sus hijos pol\u00edticos; sus nietos; sus bisnietos; su hermana Nancy; sus hermanos pol\u00edticos; sus sobrinos y dem\u00e1s deudos participan su fallecimiento.<\/p>\n<p>&nbsp;<\/p>\n<p>Sus restos ser\u00e1n velados en la Sala de Espa\u00f1a 2942, departamento \u201cB\u201d desde las 07:30 horas de este domingo e inhumados en el Cementerio Loma de Paz, previo responso en la Capilla Ardiente, a las 09:30 horas. Nacida en C\u00f3rdoba, vecina de Villa Aurora, jubilada.<\/p>\n","protected":false},"excerpt":{"rendered":"<p>Falleci\u00f3 en Olavarr\u00eda el 21 de marzo a los 66 a\u00f1os. Su esposo Pedro Martin; sus hijos Carlos, Fabi\u00e1n, Juan,<\/p>\n","protected":false},"author":2,"featured_media":0,"comment_status":"closed","ping_status":"closed","sticky":false,"template":"","format":"standard","meta":{"_jetpack_memberships_contains_paid_content":false,"footnotes":""},"categories":[10],"tags":[],"class_list":["post-16734","post","type-post","status-publish","format-standard","hentry","category-necrologicas"],"jetpack_featured_media_url":"","jetpack_sharing_enabled":true,"_links":{"self":[{"href":"https:\/\/cdnoticias.com\/index.php\/wp-json\/wp\/v2\/posts\/16734","targetHints":{"allow":["GET"]}}],"collection":[{"href":"https:\/\/cdnoticias.com\/index.php\/wp-json\/wp\/v2\/posts"}],"about":[{"href":"https:\/\/cdnoticias.com\/index.php\/wp-json\/wp\/v2\/types\/post"}],"author":[{"embeddable":true,"href":"https:\/\/cdnoticias.com\/index.php\/wp-json\/wp\/v2\/users\/2"}],"replies":[{"embeddable":true,"href":"https:\/\/cdnoticias.com\/index.php\/wp-json\/wp\/v2\/comments?post=16734"}],"version-history":[{"count":0,"href":"https:\/\/cdnoticias.com\/index.php\/wp-json\/wp\/v2\/posts\/16734\/revisions"}],"wp:attachment":[{"href":"https:\/\/cdnoticias.com\/index.php\/wp-json\/wp\/v2\/media?parent=16734"}],"wp:term":[{"taxonomy":"category","embeddable":true,"href":"https:\/\/cdnoticias.com\/index.php\/wp-json\/wp\/v2\/categories?post=16734"},{"taxonomy":"post_tag","embeddable":true,"href":"https:\/\/cdnoticias.com\/index.php\/wp-json\/wp\/v2\/tags?post=16734"}],"curies":[{"name":"wp","href":"https:\/\/api.w.org\/{rel}","templated":true}]}}