{"id":16726,"date":"2021-03-21T08:55:30","date_gmt":"2021-03-21T11:55:30","guid":{"rendered":"http:\/\/www.centraldenoticias.com.ar\/?p=16726"},"modified":"2021-03-21T10:38:11","modified_gmt":"2021-03-21T13:38:11","slug":"mineria-confirman-obras-de-mejoramiento-en-la-ruta-n-51-vieja","status":"publish","type":"post","link":"https:\/\/cdnoticias.com\/index.php\/2021\/03\/21\/mineria-confirman-obras-de-mejoramiento-en-la-ruta-n-51-vieja\/","title":{"rendered":"Miner\u00eda: confirman obras de mejoramiento en la Ruta N\u00b0 51 \u201cvieja\u201d"},"content":{"rendered":"<p>La inversi\u00f3n ser\u00e1 de 94 millones de pesos, tras varias demandas del sector. El anuncio fue realizado por el subsecretario de Miner\u00eda, Federico Aguilera.<!--more--><\/p>\n<hr \/>\n<p>Tras reuniones entre funcionarios provinciales, <strong>el subsecretario de Miner\u00eda, Federico Aguilera, anunci\u00f3 que realizar\u00e1n obras de mejoramiento en la Ruta provincial N\u00b0 51 \u201cvieja\u201d en una inversi\u00f3n que alcanza los 94 millones de pesos.<\/strong> La obra fue catalogada como <em>\u201cde gran importancia para el sector minero\u201d.<\/em><\/p>\n<p>&nbsp;<\/p>\n<p><img data-recalc-dims=\"1\" loading=\"lazy\" decoding=\"async\" class=\"alignnone size-full wp-image-16372\" src=\"https:\/\/i0.wp.com\/cdnoticias.com\/wp-content\/uploads\/2021\/03\/EwjiqC7XIAALa3C.jpg?resize=800%2C533&#038;ssl=1\" alt=\"\" width=\"800\" height=\"533\" srcset=\"https:\/\/i0.wp.com\/cdnoticias.com\/wp-content\/uploads\/2021\/03\/EwjiqC7XIAALa3C.jpg?w=1280&amp;ssl=1 1280w, https:\/\/i0.wp.com\/cdnoticias.com\/wp-content\/uploads\/2021\/03\/EwjiqC7XIAALa3C.jpg?resize=300%2C200&amp;ssl=1 300w, https:\/\/i0.wp.com\/cdnoticias.com\/wp-content\/uploads\/2021\/03\/EwjiqC7XIAALa3C.jpg?resize=768%2C511&amp;ssl=1 768w, https:\/\/i0.wp.com\/cdnoticias.com\/wp-content\/uploads\/2021\/03\/EwjiqC7XIAALa3C.jpg?resize=1024%2C682&amp;ssl=1 1024w, https:\/\/i0.wp.com\/cdnoticias.com\/wp-content\/uploads\/2021\/03\/EwjiqC7XIAALa3C.jpg?resize=272%2C182&amp;ssl=1 272w\" sizes=\"auto, (max-width: 800px) 100vw, 800px\" \/><\/p>\n<p>&nbsp;<\/p>\n<p>La obra se confirm\u00f3 en el encuentro que tanto Aguilera como el diputado provincial C\u00e9sar Valicenti tuvieron con el Ministro de Infraestructura, Agust\u00edn Simone. <strong>El tramo comprende unos 15 km, entre los l\u00edmites de los Partidos de Azul y Olavarr\u00eda uniendo Colonia San Miguel con la ruta 226. Los fondos son provinciales y se espera que en los pr\u00f3ximos meses se abra la licitaci\u00f3n.<\/strong><\/p>\n<p>&nbsp;<\/p>\n<blockquote><p>Con esta obra, indicaron, la producci\u00f3n de las canteras de la zona podr\u00e1 ser trasladada acortando distancias y mejorando la productividad.<\/p><\/blockquote>\n<p>&nbsp;<\/p>\n<p><strong>La calzada a intervenir es de gran importancia dado que es utilizado como arteria de ingreso y egreso a la R.N.N\u00b0 226<\/strong>, adem\u00e1s de ser una v\u00eda de comunicaci\u00f3n hacia Colonia San Miguel.<\/p>\n<p>&nbsp;<\/p>\n<p>Cabe destacar que el camino est\u00e1 ubicado en una zona geogr\u00e1fica donde predomina la actividad minera. En ese sentido Aguilera explic\u00f3 que <em>\u201ccon esta obra que el gobernador Axel Kicillof aprob\u00f3, se beneficia en gran parte al sector minero porque es zona de aglomeraci\u00f3n de canteras, pero tambi\u00e9n a los vecinos de la colonia ya que reduce la circulaci\u00f3n de camiones con carga dentro de la zona urbana y <strong>permite acortar distancias, no solo para el traslado de piedra si no tambi\u00e9n autom\u00f3viles particulares y producci\u00f3n agr\u00edcola-ganadera<\/strong>\u201d.<\/em><\/p>\n<p>&nbsp;<\/p>\n<p><img data-recalc-dims=\"1\" loading=\"lazy\" decoding=\"async\" class=\"alignnone size-full wp-image-16727\" src=\"https:\/\/i0.wp.com\/cdnoticias.com\/wp-content\/uploads\/2021\/03\/3.jpeg?resize=626%2C321&#038;ssl=1\" alt=\"\" width=\"626\" height=\"321\" srcset=\"https:\/\/i0.wp.com\/cdnoticias.com\/wp-content\/uploads\/2021\/03\/3.jpeg?w=626&amp;ssl=1 626w, https:\/\/i0.wp.com\/cdnoticias.com\/wp-content\/uploads\/2021\/03\/3.jpeg?resize=300%2C154&amp;ssl=1 300w\" sizes=\"auto, (max-width: 626px) 100vw, 626px\" \/><\/p>\n<p>&nbsp;<\/p>\n<p>Destac\u00f3 adem\u00e1s que <em>\u201clos trabajos incluyen mejoras en la calzada, colocaci\u00f3n de se\u00f1alizaci\u00f3n vertical y defensas met\u00e1licas vehiculares,<strong> todas estas tareas ayudan a mejorar la seguridad vial y evitar accidentes.<\/strong> El presupuesto oficial ronda los $94 millones y en los pr\u00f3ximos meses se abrir\u00e1 la licitaci\u00f3n\u201d.<\/em><\/p>\n","protected":false},"excerpt":{"rendered":"<p>La inversi\u00f3n ser\u00e1 de 94 millones de pesos, tras varias demandas del sector. El anuncio fue realizado por el subsecretario<\/p>\n","protected":false},"author":2,"featured_media":16728,"comment_status":"closed","ping_status":"closed","sticky":false,"template":"","format":"standard","meta":{"_jetpack_memberships_contains_paid_content":false,"footnotes":""},"categories":[4,1],"tags":[],"class_list":["post-16726","post","type-post","status-publish","format-standard","has-post-thumbnail","hentry","category-politica","category-portada"],"jetpack_featured_media_url":"https:\/\/i0.wp.com\/cdnoticias.com\/wp-content\/uploads\/2021\/03\/2.jpeg?fit=1280%2C746&ssl=1","jetpack_sharing_enabled":true,"_links":{"self":[{"href":"https:\/\/cdnoticias.com\/index.php\/wp-json\/wp\/v2\/posts\/16726","targetHints":{"allow":["GET"]}}],"collection":[{"href":"https:\/\/cdnoticias.com\/index.php\/wp-json\/wp\/v2\/posts"}],"about":[{"href":"https:\/\/cdnoticias.com\/index.php\/wp-json\/wp\/v2\/types\/post"}],"author":[{"embeddable":true,"href":"https:\/\/cdnoticias.com\/index.php\/wp-json\/wp\/v2\/users\/2"}],"replies":[{"embeddable":true,"href":"https:\/\/cdnoticias.com\/index.php\/wp-json\/wp\/v2\/comments?post=16726"}],"version-history":[{"count":0,"href":"https:\/\/cdnoticias.com\/index.php\/wp-json\/wp\/v2\/posts\/16726\/revisions"}],"wp:featuredmedia":[{"embeddable":true,"href":"https:\/\/cdnoticias.com\/index.php\/wp-json\/wp\/v2\/media\/16728"}],"wp:attachment":[{"href":"https:\/\/cdnoticias.com\/index.php\/wp-json\/wp\/v2\/media?parent=16726"}],"wp:term":[{"taxonomy":"category","embeddable":true,"href":"https:\/\/cdnoticias.com\/index.php\/wp-json\/wp\/v2\/categories?post=16726"},{"taxonomy":"post_tag","embeddable":true,"href":"https:\/\/cdnoticias.com\/index.php\/wp-json\/wp\/v2\/tags?post=16726"}],"curies":[{"name":"wp","href":"https:\/\/api.w.org\/{rel}","templated":true}]}}