{"id":167259,"date":"2025-03-23T20:25:05","date_gmt":"2025-03-23T23:25:05","guid":{"rendered":"https:\/\/cdnoticias.com\/?p=167259"},"modified":"2025-03-23T20:25:46","modified_gmt":"2025-03-23T23:25:46","slug":"iba-por-la-ruta-con-una-carabina-el-arma-tenia-pedido-de-secuestro-en-mar-del-plata","status":"publish","type":"post","link":"https:\/\/cdnoticias.com\/index.php\/2025\/03\/23\/iba-por-la-ruta-con-una-carabina-el-arma-tenia-pedido-de-secuestro-en-mar-del-plata\/","title":{"rendered":"Iba por la ruta con una carabina: el arma ten\u00eda pedido de secuestro en Mar del Plata"},"content":{"rendered":"<p>Intervino personal del Comando de Prevenci\u00f3n Rural para aprehender a un ciclista de 41 a\u00f1os. Fue este s\u00e1bado sobre la ruta nacional 226.<!--more--><\/p>\n<hr \/>\n<p>Un <strong>hombre de 41 a\u00f1os<\/strong> fue <strong>aprehendido<\/strong> por efectivos del<strong> Comando de Prevenci\u00f3n Rural de Olavarr\u00eda<\/strong> quienes lo hallaron en <strong>posesi\u00f3n de un arma de fuego<\/strong> que ten\u00eda pedido de secuestro emitido desde Mar del Plata.<\/p>\n<p>La informaci\u00f3n oficial dio cuenta de que el procedimiento tuvo lugar<strong> este s\u00e1bado hacia las 21 horas<\/strong> sobre la<strong> ruta nacional 226 a la altura del kil\u00f3metro 305,5.<\/strong><\/p>\n<blockquote><p>Los efectivos del CPR interceptaron al hombre que transitaba en una bicicleta playera y a simple vista transportaba un arma de fuego tipo carabina con cargador colocado y sin munici\u00f3n. En poder del acusado se hallaron dos municiones calibre 22 marca O.A. Se estableci\u00f3 que el hombre carec\u00eda de toda documentaci\u00f3n.<\/p><\/blockquote>\n<p><strong>La bicicleta, el arma y las municiones fueron secuestrados<\/strong>. El hombre fue aprehendido.<\/p>\n<p>Se determin\u00f3 que<strong> el arma presentaba un pedido de secuestro<\/strong> emitido desde la <strong>UFI N\u00b0 6 de Mar del Plata<\/strong> por<strong> \u201crobo\u201d<\/strong>.<\/p>\n<p>Las actuaciones del CPR fueron caratuladas<strong> \u201cinfracci\u00f3n art\u00edculo 189 bis inciso 2 p\u00e1rrafo primero\u201d<\/strong> con intervenci\u00f3n de la <strong>UFI N\u00b0 4 de Olavarr\u00eda<\/strong>.<\/p>\n","protected":false},"excerpt":{"rendered":"<p>Intervino personal del Comando de Prevenci\u00f3n Rural para aprehender a un ciclista de 41 a\u00f1os. Fue este s\u00e1bado sobre la<\/p>\n","protected":false},"author":4,"featured_media":167260,"comment_status":"closed","ping_status":"closed","sticky":false,"template":"","format":"standard","meta":{"_jetpack_memberships_contains_paid_content":false,"footnotes":""},"categories":[14,1],"tags":[],"class_list":["post-167259","post","type-post","status-publish","format-standard","has-post-thumbnail","hentry","category-policiales","category-portada"],"jetpack_featured_media_url":"https:\/\/i0.wp.com\/cdnoticias.com\/wp-content\/uploads\/2025\/03\/ruta-226-km-305-CPR.jpg?fit=1000%2C557&ssl=1","jetpack_sharing_enabled":true,"_links":{"self":[{"href":"https:\/\/cdnoticias.com\/index.php\/wp-json\/wp\/v2\/posts\/167259","targetHints":{"allow":["GET"]}}],"collection":[{"href":"https:\/\/cdnoticias.com\/index.php\/wp-json\/wp\/v2\/posts"}],"about":[{"href":"https:\/\/cdnoticias.com\/index.php\/wp-json\/wp\/v2\/types\/post"}],"author":[{"embeddable":true,"href":"https:\/\/cdnoticias.com\/index.php\/wp-json\/wp\/v2\/users\/4"}],"replies":[{"embeddable":true,"href":"https:\/\/cdnoticias.com\/index.php\/wp-json\/wp\/v2\/comments?post=167259"}],"version-history":[{"count":0,"href":"https:\/\/cdnoticias.com\/index.php\/wp-json\/wp\/v2\/posts\/167259\/revisions"}],"wp:featuredmedia":[{"embeddable":true,"href":"https:\/\/cdnoticias.com\/index.php\/wp-json\/wp\/v2\/media\/167260"}],"wp:attachment":[{"href":"https:\/\/cdnoticias.com\/index.php\/wp-json\/wp\/v2\/media?parent=167259"}],"wp:term":[{"taxonomy":"category","embeddable":true,"href":"https:\/\/cdnoticias.com\/index.php\/wp-json\/wp\/v2\/categories?post=167259"},{"taxonomy":"post_tag","embeddable":true,"href":"https:\/\/cdnoticias.com\/index.php\/wp-json\/wp\/v2\/tags?post=167259"}],"curies":[{"name":"wp","href":"https:\/\/api.w.org\/{rel}","templated":true}]}}