{"id":167254,"date":"2025-03-23T19:37:01","date_gmt":"2025-03-23T22:37:01","guid":{"rendered":"https:\/\/cdnoticias.com\/?p=167254"},"modified":"2025-03-23T21:18:25","modified_gmt":"2025-03-24T00:18:25","slug":"fede-chingotto-volvio-a-celebrar-y-gano-junto-a-galan-el-p1-de-miami","status":"publish","type":"post","link":"https:\/\/cdnoticias.com\/index.php\/2025\/03\/23\/fede-chingotto-volvio-a-celebrar-y-gano-junto-a-galan-el-p1-de-miami\/","title":{"rendered":"Fede Chingotto volvi\u00f3 a celebrar y gan\u00f3 junto a Gal\u00e1n el P1 de Miami"},"content":{"rendered":"<p>Fue en la tarde de este domingo. La Chingal\u00e1n mostr\u00f3 su gran momento y le gan\u00f3 la final a Juan Lebr\u00f3n y Franco Stupaczuk.<!--more--><\/p>\n<hr \/>\n<p>El olavarriense <strong>Federico Chingotto volvi\u00f3 a celebrar<\/strong>. Tras un parate por un conflicto entre los jugadores y Premier Padel, el s\u00faper rat\u00f3n<strong> junto al madrile\u00f1o Alejandro Gal\u00e1n le ganaron la final del P1 de Miami<\/strong> a Juan Lebr\u00f3n y Franco Stupaczuk.<\/p>\n<p>Fue triunfo en <strong>dos sets por 6-1 y 7-6 (3)<\/strong>. Con un primer set arrollador de la pareja n\u00famero 2 del mundo, el segundo capitulo fue mucho m\u00e1s parejo, incluso con posibilidades concretas para el Lobo y Stupa. No lo supieron aprovechar y la Chingal\u00e1n se lo llev\u00f3 en el tie break.<\/p>\n<p><img data-recalc-dims=\"1\" loading=\"lazy\" decoding=\"async\" class=\"size-full wp-image-167256 aligncenter\" src=\"https:\/\/i0.wp.com\/cdnoticias.com\/wp-content\/uploads\/2025\/03\/padel-chingotto-galan-miami-01.jpg?resize=450%2C544&#038;ssl=1\" alt=\"\" width=\"450\" height=\"544\" srcset=\"https:\/\/i0.wp.com\/cdnoticias.com\/wp-content\/uploads\/2025\/03\/padel-chingotto-galan-miami-01.jpg?w=450&amp;ssl=1 450w, https:\/\/i0.wp.com\/cdnoticias.com\/wp-content\/uploads\/2025\/03\/padel-chingotto-galan-miami-01.jpg?resize=248%2C300&amp;ssl=1 248w\" sizes=\"auto, (max-width: 450px) 100vw, 450px\" \/><\/p>\n<p>Todo, bajo la atenta mirada de <strong>los padres de Federico que viajaron especialmente desde Olavarr\u00eda<\/strong> a Miami para seguir de cerca a Chingo.<\/p>\n<blockquote><p>El nivel del olavarriense fue tan alto, que le otorgaron el premio MVP de la final, junto con Gemma Triay en mujeres.<\/p><\/blockquote>\n<p>Desde la semana que viene, Fede y Ale Gal\u00e1n asumir\u00e1n un nuevo desaf\u00edo, en otro Torneo de grado P1, en este caso en Santiago de Chile.<\/p>\n<p><img data-recalc-dims=\"1\" loading=\"lazy\" decoding=\"async\" class=\"size-full wp-image-167257 aligncenter\" src=\"https:\/\/i0.wp.com\/cdnoticias.com\/wp-content\/uploads\/2025\/03\/padel-chingotto-galan-miami-02-MVP.jpg?resize=450%2C450&#038;ssl=1\" alt=\"\" width=\"450\" height=\"450\" srcset=\"https:\/\/i0.wp.com\/cdnoticias.com\/wp-content\/uploads\/2025\/03\/padel-chingotto-galan-miami-02-MVP.jpg?w=450&amp;ssl=1 450w, https:\/\/i0.wp.com\/cdnoticias.com\/wp-content\/uploads\/2025\/03\/padel-chingotto-galan-miami-02-MVP.jpg?resize=300%2C300&amp;ssl=1 300w, https:\/\/i0.wp.com\/cdnoticias.com\/wp-content\/uploads\/2025\/03\/padel-chingotto-galan-miami-02-MVP.jpg?resize=150%2C150&amp;ssl=1 150w\" sizes=\"auto, (max-width: 450px) 100vw, 450px\" \/><\/p>\n","protected":false},"excerpt":{"rendered":"<p>Fue en la tarde de este domingo. La Chingal\u00e1n mostr\u00f3 su gran momento y le gan\u00f3 la final a Juan<\/p>\n","protected":false},"author":4,"featured_media":167255,"comment_status":"closed","ping_status":"closed","sticky":false,"template":"","format":"standard","meta":{"_jetpack_memberships_contains_paid_content":false,"footnotes":""},"categories":[29,1,55],"tags":[],"class_list":["post-167254","post","type-post","status-publish","format-standard","has-post-thumbnail","hentry","category-deportes","category-portada","category-tenis-padel"],"jetpack_featured_media_url":"https:\/\/i0.wp.com\/cdnoticias.com\/wp-content\/uploads\/2025\/03\/padel-chingotto-galan-miami-00.jpg?fit=1000%2C556&ssl=1","jetpack_sharing_enabled":true,"_links":{"self":[{"href":"https:\/\/cdnoticias.com\/index.php\/wp-json\/wp\/v2\/posts\/167254","targetHints":{"allow":["GET"]}}],"collection":[{"href":"https:\/\/cdnoticias.com\/index.php\/wp-json\/wp\/v2\/posts"}],"about":[{"href":"https:\/\/cdnoticias.com\/index.php\/wp-json\/wp\/v2\/types\/post"}],"author":[{"embeddable":true,"href":"https:\/\/cdnoticias.com\/index.php\/wp-json\/wp\/v2\/users\/4"}],"replies":[{"embeddable":true,"href":"https:\/\/cdnoticias.com\/index.php\/wp-json\/wp\/v2\/comments?post=167254"}],"version-history":[{"count":0,"href":"https:\/\/cdnoticias.com\/index.php\/wp-json\/wp\/v2\/posts\/167254\/revisions"}],"wp:featuredmedia":[{"embeddable":true,"href":"https:\/\/cdnoticias.com\/index.php\/wp-json\/wp\/v2\/media\/167255"}],"wp:attachment":[{"href":"https:\/\/cdnoticias.com\/index.php\/wp-json\/wp\/v2\/media?parent=167254"}],"wp:term":[{"taxonomy":"category","embeddable":true,"href":"https:\/\/cdnoticias.com\/index.php\/wp-json\/wp\/v2\/categories?post=167254"},{"taxonomy":"post_tag","embeddable":true,"href":"https:\/\/cdnoticias.com\/index.php\/wp-json\/wp\/v2\/tags?post=167254"}],"curies":[{"name":"wp","href":"https:\/\/api.w.org\/{rel}","templated":true}]}}