{"id":167244,"date":"2025-03-23T19:11:31","date_gmt":"2025-03-23T22:11:31","guid":{"rendered":"https:\/\/cdnoticias.com\/?p=167244"},"modified":"2025-03-24T08:29:24","modified_gmt":"2025-03-24T11:29:24","slug":"un-detenido-y-dos-kilos-de-cocaina-secuestrados-en-hinojo","status":"publish","type":"post","link":"https:\/\/cdnoticias.com\/index.php\/2025\/03\/23\/un-detenido-y-dos-kilos-de-cocaina-secuestrados-en-hinojo\/","title":{"rendered":"Un detenido y dos kilos de coca\u00edna secuestrados en Hinojo"},"content":{"rendered":"<p>Es un empleado del Servicio Penitenciario sindicado como \u201cfraccionador y vendedor\u201d. Adem\u00e1s, fue arrestado un hombre acusado de ser \u201cproveedor\u201d. En total se concretaron cinco allanamientos en CABA y distintos puntos de la provincia.<!--more--><\/p>\n<hr \/>\n<p><strong>Actuaciones policiales y judiciales<\/strong> expusieron una <strong>red de comercializaci\u00f3n de drogas que llegaba hasta Hinojo<\/strong> donde fue <strong>arrestado un hombre que se desempe\u00f1aba en el Servicio Penitenciario Bonaerense<\/strong> y se secuestraron <strong>dos kilos de coca\u00edna<\/strong>. En total hubo<strong> cinco allanamientos<\/strong> en distintos puntos de la provincia y en CABA, <strong>dos arrestos<\/strong> y fue incautada una importante cantidad de droga como resultado de una prolongada investigaci\u00f3n.<\/p>\n<blockquote class=\"instagram-media\" style=\"background: #FFF; border: 0; border-radius: 3px; box-shadow: 0 0 1px 0 rgba(0,0,0,0.5),0 1px 10px 0 rgba(0,0,0,0.15); margin: 1px; max-width: 540px; min-width: 326px; padding: 0; width: calc(100% - 2px);\" data-instgrm-permalink=\"https:\/\/www.instagram.com\/p\/DHjtkEqh1aX\/?utm_source=ig_embed&amp;utm_campaign=loading\" data-instgrm-version=\"14\">\n<div style=\"padding: 16px;\">\n<div style=\"display: flex; flex-direction: row; align-items: center;\">\n<div style=\"background-color: #f4f4f4; border-radius: 50%; flex-grow: 0; height: 40px; margin-right: 14px; width: 40px;\"><\/div>\n<div style=\"display: flex; flex-direction: column; flex-grow: 1; justify-content: center;\">\n<div style=\"background-color: #f4f4f4; border-radius: 4px; flex-grow: 0; height: 14px; margin-bottom: 6px; width: 100px;\"><\/div>\n<div style=\"background-color: #f4f4f4; border-radius: 4px; flex-grow: 0; height: 14px; width: 60px;\"><\/div>\n<\/div>\n<\/div>\n<div style=\"padding: 19% 0;\"><\/div>\n<div style=\"display: block; height: 50px; margin: 0 auto 12px; width: 50px;\"><\/div>\n<div style=\"padding-top: 8px;\">\n<div style=\"color: #3897f0; font-family: Arial,sans-serif; font-size: 14px; font-style: normal; font-weight: 550; line-height: 18px;\">Ver esta publicaci\u00f3n en Instagram<\/div>\n<\/div>\n<div style=\"padding: 12.5% 0;\"><\/div>\n<div style=\"display: flex; flex-direction: row; margin-bottom: 14px; align-items: center;\">\n<div>\n<div style=\"background-color: #f4f4f4; border-radius: 50%; height: 12.5px; width: 12.5px; transform: translateX(0px) translateY(7px);\"><\/div>\n<div style=\"background-color: #f4f4f4; height: 12.5px; transform: rotate(-45deg) translateX(3px) translateY(1px); width: 12.5px; flex-grow: 0; margin-right: 14px; margin-left: 2px;\"><\/div>\n<div style=\"background-color: #f4f4f4; border-radius: 50%; height: 12.5px; width: 12.5px; transform: translateX(9px) translateY(-18px);\"><\/div>\n<\/div>\n<div style=\"margin-left: 8px;\">\n<div style=\"background-color: #f4f4f4; border-radius: 50%; flex-grow: 0; height: 20px; width: 20px;\"><\/div>\n<div style=\"width: 0; height: 0; border-top: 2px solid transparent; border-left: 6px solid #f4f4f4; border-bottom: 2px solid transparent; transform: translateX(16px) translateY(-4px) rotate(30deg);\"><\/div>\n<\/div>\n<div style=\"margin-left: auto;\">\n<div style=\"width: 0px; border-top: 8px solid #F4F4F4; border-right: 8px solid transparent; transform: translateY(16px);\"><\/div>\n<div style=\"background-color: #f4f4f4; flex-grow: 0; height: 12px; width: 16px; transform: translateY(-4px);\"><\/div>\n<div style=\"width: 0; height: 0; border-top: 8px solid #F4F4F4; border-left: 8px solid transparent; transform: translateY(-4px) translateX(8px);\"><\/div>\n<\/div>\n<\/div>\n<div style=\"display: flex; flex-direction: column; flex-grow: 1; justify-content: center; margin-bottom: 24px;\">\n<div style=\"background-color: #f4f4f4; border-radius: 4px; flex-grow: 0; height: 14px; margin-bottom: 6px; width: 224px;\"><\/div>\n<div style=\"background-color: #f4f4f4; border-radius: 4px; flex-grow: 0; height: 14px; width: 144px;\"><\/div>\n<\/div>\n<p style=\"color: #c9c8cd; font-family: Arial,sans-serif; font-size: 14px; line-height: 17px; margin-bottom: 0; margin-top: 8px; overflow: hidden; padding: 8px 0 7px; text-align: center; text-overflow: ellipsis; white-space: nowrap;\"><a style=\"color: #c9c8cd; font-family: Arial,sans-serif; font-size: 14px; font-style: normal; font-weight: normal; line-height: 17px; text-decoration: none;\" href=\"https:\/\/www.instagram.com\/p\/DHjtkEqh1aX\/?utm_source=ig_embed&amp;utm_campaign=loading\" target=\"_blank\" rel=\"noopener\">Una publicaci\u00f3n compartida por Central de Noticias Olavarr\u00eda (@cdnolavarria)<\/a><\/p>\n<\/div>\n<\/blockquote>\n<p><script async src=\"\/\/www.instagram.com\/embed.js\"><\/script><\/p>\n<blockquote><p>El d\u00eda viernes se concret\u00f3 el procedimiento en Hinojo ya que los investigadores hab\u00edan establecido que ese d\u00eda el sospechoso hab\u00eda recibido la droga. Hubo dos allanamientos.<\/p><\/blockquote>\n<p>Seg\u00fan se inform\u00f3 de manera oficial, <strong>el hinojense fue alojado en la seccional de la Polic\u00eda Federal de Azul<\/strong>. Este s\u00e1bado fue citado por la Fiscal\u00eda Federal de Azul.<\/p>\n<h3>La investigaci\u00f3n y las pruebas<\/h3>\n<p>Las actuaciones fueron encabezadas por el <strong>Juzgado Federal y la Fiscal\u00eda Federal de Azul<\/strong>. Se pudo saber que<strong> la investigaci\u00f3n se inici\u00f3 hace m\u00e1s de un a\u00f1o<\/strong> sobre un <strong>empleado del Servicio Penitenciario<\/strong>, quien al momento del arresto se encontraba \u201cde carpeta m\u00e9dica\u201d. En cuanto al <strong>segundo detenido<\/strong>, se indic\u00f3 que es un hombre <strong>oriundo de San Luis con domicilio actual en CABA<\/strong>.<\/p>\n<p><img data-recalc-dims=\"1\" loading=\"lazy\" decoding=\"async\" class=\"size-full wp-image-167247 aligncenter\" src=\"https:\/\/i0.wp.com\/cdnoticias.com\/wp-content\/uploads\/2025\/03\/venta-de-droga-hinojo-02.jpg?resize=800%2C450&#038;ssl=1\" alt=\"\" width=\"800\" height=\"450\" srcset=\"https:\/\/i0.wp.com\/cdnoticias.com\/wp-content\/uploads\/2025\/03\/venta-de-droga-hinojo-02.jpg?w=1000&amp;ssl=1 1000w, https:\/\/i0.wp.com\/cdnoticias.com\/wp-content\/uploads\/2025\/03\/venta-de-droga-hinojo-02.jpg?resize=300%2C169&amp;ssl=1 300w, https:\/\/i0.wp.com\/cdnoticias.com\/wp-content\/uploads\/2025\/03\/venta-de-droga-hinojo-02.jpg?resize=768%2C432&amp;ssl=1 768w\" sizes=\"auto, (max-width: 800px) 100vw, 800px\" \/><\/p>\n<p>Los detectives de la<strong> Subdelegaci\u00f3n Departamental de Investigaciones del Tr\u00e1fico de Drogas Il\u00edcitas de Olavarr\u00eda<\/strong> lograron sumar numerosos elementos probatorios durante las averiguaciones. Se inform\u00f3 que se llevaron adelante <strong>intervenciones telef\u00f3nicas, an\u00e1lisis financieros, registros f\u00edlmicos<\/strong> obtenidos de <strong>Centros de Monitoreo Municipales de las ciudades de Azul, Olavarr\u00eda, Las Flores, Saladillo y Tapalqu\u00e9<\/strong>. Adem\u00e1s, se concretaron diversas <strong>tareas de campo<\/strong> en Olavarr\u00eda, Hinojo, CABA y el conurbano bonaerense.<\/p>\n<blockquote><p>Con ello se establecieron los roles de los ahora detenidos. El hombre arrestado en Hinojo fue se\u00f1alado como \u201cfraccionador y vendedor\u201d en esta zona del centro de la provincia. En tanto, el segundo aprehendido fue sindicado como \u201cproveedor\u201d. \u201cEstaban muy bien organizados para lograr el comercio de coca\u00edna de m\u00e1xima pureza\u201d se defini\u00f3 desde la Subdelegaci\u00f3n Departamental de Olavarr\u00eda.<\/p><\/blockquote>\n<p><img data-recalc-dims=\"1\" loading=\"lazy\" decoding=\"async\" class=\"size-full wp-image-167246 aligncenter\" src=\"https:\/\/i0.wp.com\/cdnoticias.com\/wp-content\/uploads\/2025\/03\/venta-de-droga-hinojo-01.jpg?resize=800%2C445&#038;ssl=1\" alt=\"\" width=\"800\" height=\"445\" srcset=\"https:\/\/i0.wp.com\/cdnoticias.com\/wp-content\/uploads\/2025\/03\/venta-de-droga-hinojo-01.jpg?w=1000&amp;ssl=1 1000w, https:\/\/i0.wp.com\/cdnoticias.com\/wp-content\/uploads\/2025\/03\/venta-de-droga-hinojo-01.jpg?resize=300%2C167&amp;ssl=1 300w, https:\/\/i0.wp.com\/cdnoticias.com\/wp-content\/uploads\/2025\/03\/venta-de-droga-hinojo-01.jpg?resize=768%2C427&amp;ssl=1 768w, https:\/\/i0.wp.com\/cdnoticias.com\/wp-content\/uploads\/2025\/03\/venta-de-droga-hinojo-01.jpg?resize=800%2C445&amp;ssl=1 800w\" sizes=\"auto, (max-width: 800px) 100vw, 800px\" \/><\/p>\n<h3>Las \u00faltimas novedades<\/h3>\n<p>Los procedimientos que derivaron en los arrestos y secuestros se dieron entre el viernes y el s\u00e1bado. Un trabajo minucioso y articulado entre Fiscal\u00eda Federal y la Polic\u00eda logr\u00f3 determinar que <strong>el proveedor hab\u00eda hecho llegar el viernes la droga desde Buenos Aires a Hinojo<\/strong>.<\/p>\n<p>De esa manera se concretaron<strong> dos allanamientos y la primera detenci\u00f3n en la localidad olavarriense<\/strong>. El resultado fue destacado con el<strong> secuestro de dos kilos de coca\u00edna de m\u00e1xima pureza en dos panes<\/strong>. Uno de ellos ya estaba siendo fraccionado. Tambi\u00e9n se hall\u00f3 <strong>marihuana y balanzas de precisi\u00f3n<\/strong>.<\/p>\n<p><img data-recalc-dims=\"1\" loading=\"lazy\" decoding=\"async\" class=\"size-full wp-image-167248 aligncenter\" src=\"https:\/\/i0.wp.com\/cdnoticias.com\/wp-content\/uploads\/2025\/03\/venta-de-droga-hinojo-03.jpg?resize=800%2C446&#038;ssl=1\" alt=\"\" width=\"800\" height=\"446\" srcset=\"https:\/\/i0.wp.com\/cdnoticias.com\/wp-content\/uploads\/2025\/03\/venta-de-droga-hinojo-03.jpg?w=1000&amp;ssl=1 1000w, https:\/\/i0.wp.com\/cdnoticias.com\/wp-content\/uploads\/2025\/03\/venta-de-droga-hinojo-03.jpg?resize=300%2C167&amp;ssl=1 300w, https:\/\/i0.wp.com\/cdnoticias.com\/wp-content\/uploads\/2025\/03\/venta-de-droga-hinojo-03.jpg?resize=768%2C428&amp;ssl=1 768w, https:\/\/i0.wp.com\/cdnoticias.com\/wp-content\/uploads\/2025\/03\/venta-de-droga-hinojo-03.jpg?resize=800%2C445&amp;ssl=1 800w\" sizes=\"auto, (max-width: 800px) 100vw, 800px\" \/><\/p>\n<p>En tanto, el d\u00eda s\u00e1bado las actuaciones continuaron con <strong>tres allanamientos y la segunda detenci\u00f3n<\/strong> en el <strong>barrio de Matadero en CABA, en Vicente L\u00f3pez y en la ciudad de Villa Fiorito en el distrito de Lan\u00fas<\/strong>.<\/p>\n<blockquote><p>El primer detenido fue alojado en la seccional de la Polic\u00eda Federal de Azul y fue indagado el s\u00e1bado. En tanto, el segundo detenido est\u00e1 alojado en la Delegaci\u00f3n Departamental de Investigaciones del Tr\u00e1fico de Drogas Il\u00edcitas de Azul y ser\u00e1 indagado en la tarde del lunes 24 de marzo.<\/p><\/blockquote>\n","protected":false},"excerpt":{"rendered":"<p>Es un empleado del Servicio Penitenciario sindicado como \u201cfraccionador y vendedor\u201d. Adem\u00e1s, fue arrestado un hombre acusado de ser \u201cproveedor\u201d.<\/p>\n","protected":false},"author":4,"featured_media":167245,"comment_status":"closed","ping_status":"closed","sticky":false,"template":"","format":"standard","meta":{"_jetpack_memberships_contains_paid_content":false,"footnotes":""},"categories":[14,1],"tags":[],"class_list":["post-167244","post","type-post","status-publish","format-standard","has-post-thumbnail","hentry","category-policiales","category-portada"],"jetpack_featured_media_url":"https:\/\/i0.wp.com\/cdnoticias.com\/wp-content\/uploads\/2025\/03\/venta-de-droga-hinojo-00.jpg?fit=800%2C444&ssl=1","jetpack_sharing_enabled":true,"_links":{"self":[{"href":"https:\/\/cdnoticias.com\/index.php\/wp-json\/wp\/v2\/posts\/167244","targetHints":{"allow":["GET"]}}],"collection":[{"href":"https:\/\/cdnoticias.com\/index.php\/wp-json\/wp\/v2\/posts"}],"about":[{"href":"https:\/\/cdnoticias.com\/index.php\/wp-json\/wp\/v2\/types\/post"}],"author":[{"embeddable":true,"href":"https:\/\/cdnoticias.com\/index.php\/wp-json\/wp\/v2\/users\/4"}],"replies":[{"embeddable":true,"href":"https:\/\/cdnoticias.com\/index.php\/wp-json\/wp\/v2\/comments?post=167244"}],"version-history":[{"count":0,"href":"https:\/\/cdnoticias.com\/index.php\/wp-json\/wp\/v2\/posts\/167244\/revisions"}],"wp:featuredmedia":[{"embeddable":true,"href":"https:\/\/cdnoticias.com\/index.php\/wp-json\/wp\/v2\/media\/167245"}],"wp:attachment":[{"href":"https:\/\/cdnoticias.com\/index.php\/wp-json\/wp\/v2\/media?parent=167244"}],"wp:term":[{"taxonomy":"category","embeddable":true,"href":"https:\/\/cdnoticias.com\/index.php\/wp-json\/wp\/v2\/categories?post=167244"},{"taxonomy":"post_tag","embeddable":true,"href":"https:\/\/cdnoticias.com\/index.php\/wp-json\/wp\/v2\/tags?post=167244"}],"curies":[{"name":"wp","href":"https:\/\/api.w.org\/{rel}","templated":true}]}}