{"id":167188,"date":"2025-03-23T12:31:14","date_gmt":"2025-03-23T15:31:14","guid":{"rendered":"https:\/\/cdnoticias.com\/?p=167188"},"modified":"2025-03-23T17:55:18","modified_gmt":"2025-03-23T20:55:18","slug":"la-cgt-definio-un-paro-nacional-para-el-10-de-abril-una-accion-sindical-de-36-horas","status":"publish","type":"post","link":"https:\/\/cdnoticias.com\/index.php\/2025\/03\/23\/la-cgt-definio-un-paro-nacional-para-el-10-de-abril-una-accion-sindical-de-36-horas\/","title":{"rendered":"La CGT defini\u00f3 un paro nacional para el 10 de abril: \u201cuna acci\u00f3n sindical de 36 horas\u201d"},"content":{"rendered":"\n<p>La central obrera tambi\u00e9n defini\u00f3 una serie de movilizaciones previas: este lunes 24 de marzo se sumar\u00e1 a la concentraci\u00f3n de los organismos de Derechos Humanos.<\/p>\n\n\n\n<hr class=\"wp-block-separator aligncenter has-alpha-channel-opacity\"\/>\n\n\n\n<p>La <strong>CGT convoc\u00f3 a un paro nacional el 10 de abril<\/strong>, tercera huelga general durante el gobierno de Javier Milei,<strong> en rechazo a las pol\u00edticas sociales y laborales, <\/strong>especialmente a lo que consideran \u201cel techo a las paritarias\u201d que se pretende imponer.<\/p>\n\n\n\n<p><\/p>\n\n\n\n<blockquote class=\"wp-block-quote is-layout-flow wp-block-quote-is-layout-flow\">\n<p>La central obrera tambi\u00e9n defini\u00f3 una serie de movilizaciones previas: este lunes 24 de marzo se sumar\u00e1 a la concentraci\u00f3n de los organismos de Derechos Humanos por el D\u00eda Nacional de la Memoria por la Verdad y la Justicia; el mi\u00e9rcoles 9 de abril participar\u00e1 de la marcha de los jubilados; el jueves 10 de abril se concretar\u00e1 el paro nacional.<\/p>\n<\/blockquote>\n\n\n\n<p><\/p>\n\n\n\n<p>En una reuni\u00f3n del Consejo Directivo de m\u00e1s de tres horas, <strong>la CGT resolvi\u00f3 apoyar a los sindicatos que se movilicen junto a los jubilados <\/strong>y convocar a las regionales el jueves 27 en el sal\u00f3n Felipe Vallese de la calle Azopardo, donde se pondr\u00e1 a consideraci\u00f3n el plan de lucha.\u00a0<\/p>\n\n\n\n<p><\/p>\n\n\n\n<p>Seg\u00fan fuentes sindicales, este plan de lucha incluye \u201c<strong><em>una acci\u00f3n sindical de 36 horas, comenzando con movilizaciones a partir del d\u00eda 9 al mediod\u00eda; y a partir de las 0 horas del d\u00eda, un paro por 24 horas\u201d.<\/em><\/strong><\/p>\n\n\n\n<p><\/p>\n\n\n\n<h2 class=\"wp-block-heading\"><strong>Sin puentes con el Gobierno<\/strong><\/h2>\n\n\n\n<p>H\u00e9ctor Daer, miembro del triunvirato que conduce la central, desminti\u00f3 los rumores sobre una posible negociaci\u00f3n con el Gobierno para levantar el paro: \u201c<strong>No hay ninguna conversaci\u00f3n con el Gobierno. Este paro no se levanta<\/strong>\u201d remarc\u00f3. <\/p>\n\n\n\n<p><\/p>\n\n\n\n<blockquote class=\"wp-block-quote is-layout-flow wp-block-quote-is-layout-flow\">\n<p>Daer explic\u00f3 que los motivos del paro incluyen \u201cexigir la libertad para negociar paritarias libres y acuerdos homologados; aumento a los jubilados y actualizaci\u00f3n del bono de 70.000 pesos y volver a discutir las asignaciones familiares\u201d.<\/p>\n<\/blockquote>\n\n\n\n<p><\/p>\n\n\n\n<p>Adem\u00e1s, acus\u00f3 al Gobierno de \u201cpisar las paritarias para que vayan por debajo de la inflaci\u00f3n\u201d y le exigi\u00f3 que \u201cmodifique su pol\u00edtica social y para los sectores del trabajo\u201d.&nbsp;<\/p>\n\n\n\n<p><\/p>\n\n\n\n<p>Tambi\u00e9n mencion\u00f3 la necesidad de activar <strong>\u201cprogramas de desarrollo para el sector industrial y productivo\u201d<\/strong> y de <strong>retomar la obra p\u00fablica,<\/strong> ya que muchas obras est\u00e1n paralizadas al 80 o 90 por ciento de su finalizaci\u00f3n, lo que ser\u00eda m\u00e1s perjudicial que dejarlas inconclusas, de acuerdo con la agencia NA.\u00a0<\/p>\n\n\n\n<p><\/p>\n\n\n\n<p><em>Fuente: DIB<\/em><\/p>\n\n\n\n<p><\/p>\n","protected":false},"excerpt":{"rendered":"<p>La central obrera tambi\u00e9n defini\u00f3 una serie de movilizaciones previas: este lunes 24 de marzo se sumar\u00e1 a la concentraci\u00f3n<\/p>\n","protected":false},"author":6,"featured_media":167189,"comment_status":"closed","ping_status":"closed","sticky":false,"template":"","format":"standard","meta":{"_jetpack_memberships_contains_paid_content":false,"footnotes":""},"categories":[6],"tags":[],"class_list":["post-167188","post","type-post","status-publish","format-standard","has-post-thumbnail","hentry","category-nacionales"],"jetpack_featured_media_url":"https:\/\/i0.wp.com\/cdnoticias.com\/wp-content\/uploads\/2025\/03\/cgt-daer.jpg?fit=696%2C510&ssl=1","jetpack_sharing_enabled":true,"_links":{"self":[{"href":"https:\/\/cdnoticias.com\/index.php\/wp-json\/wp\/v2\/posts\/167188","targetHints":{"allow":["GET"]}}],"collection":[{"href":"https:\/\/cdnoticias.com\/index.php\/wp-json\/wp\/v2\/posts"}],"about":[{"href":"https:\/\/cdnoticias.com\/index.php\/wp-json\/wp\/v2\/types\/post"}],"author":[{"embeddable":true,"href":"https:\/\/cdnoticias.com\/index.php\/wp-json\/wp\/v2\/users\/6"}],"replies":[{"embeddable":true,"href":"https:\/\/cdnoticias.com\/index.php\/wp-json\/wp\/v2\/comments?post=167188"}],"version-history":[{"count":0,"href":"https:\/\/cdnoticias.com\/index.php\/wp-json\/wp\/v2\/posts\/167188\/revisions"}],"wp:featuredmedia":[{"embeddable":true,"href":"https:\/\/cdnoticias.com\/index.php\/wp-json\/wp\/v2\/media\/167189"}],"wp:attachment":[{"href":"https:\/\/cdnoticias.com\/index.php\/wp-json\/wp\/v2\/media?parent=167188"}],"wp:term":[{"taxonomy":"category","embeddable":true,"href":"https:\/\/cdnoticias.com\/index.php\/wp-json\/wp\/v2\/categories?post=167188"},{"taxonomy":"post_tag","embeddable":true,"href":"https:\/\/cdnoticias.com\/index.php\/wp-json\/wp\/v2\/tags?post=167188"}],"curies":[{"name":"wp","href":"https:\/\/api.w.org\/{rel}","templated":true}]}}