{"id":167157,"date":"2025-03-22T14:02:18","date_gmt":"2025-03-22T17:02:18","guid":{"rendered":"https:\/\/cdnoticias.com\/?p=167157"},"modified":"2025-03-22T18:12:03","modified_gmt":"2025-03-22T21:12:03","slug":"encontraron-en-olavarria-una-moto-robada-en-tandil","status":"publish","type":"post","link":"https:\/\/cdnoticias.com\/index.php\/2025\/03\/22\/encontraron-en-olavarria-una-moto-robada-en-tandil\/","title":{"rendered":"Encontraron en Olavarr\u00eda una moto robada en Tandil"},"content":{"rendered":"<p>El veh\u00edculo, una moto Honda XR 150, fue hallado en un operativo en barrio Mart\u00edn Fierro por Polic\u00eda Local.<!--more--><\/p>\n<hr \/>\n<p><strong>Efectivos de Polic\u00eda Local<\/strong> montaron <strong>este viernes<\/strong> un operativo de interceptaci\u00f3n vehicular en <strong>De\u00e1n Funes entre Canaveri y Rend\u00f3n<\/strong>. All\u00ed lograron <strong>recuperar una moto denunciada como robada.<\/strong><\/p>\n<p>Seg\u00fan se detall\u00f3, el <strong>conductor -de 26 a\u00f1os-<\/strong> <strong>fue demorado<\/strong> en ese punto. Se estableci\u00f3 que la moto en la que transitaba, una <strong>Honda XR 150<\/strong>, <strong>no llevaba el dominio colocado y presentaba algunos da\u00f1os.<\/strong><\/p>\n<blockquote><p>Al verificar los datos del veh\u00edculo se estableci\u00f3 que ten\u00eda pedido de secuestro emitido el 23 de enero de este a\u00f1o desde la UFI N\u00ba 16 de Tandil. Hab\u00eda sido denunciada por \u201crobo simple\u201d.<\/p><\/blockquote>\n<p>El conductor del rodado fue notificado de las actuaciones en su contra por<strong> \u201cencubrimiento\u201d.<\/strong><\/p>\n<p>La moto qued\u00f3 secuestrada y fue trasladada a la Comisar\u00eda Segunda.<\/p>\n","protected":false},"excerpt":{"rendered":"<p>El veh\u00edculo, una moto Honda XR 150, fue hallado en un operativo en barrio Mart\u00edn Fierro por Polic\u00eda Local.<\/p>\n","protected":false},"author":4,"featured_media":167158,"comment_status":"closed","ping_status":"closed","sticky":false,"template":"","format":"standard","meta":{"_jetpack_memberships_contains_paid_content":false,"footnotes":""},"categories":[14,1],"tags":[],"class_list":["post-167157","post","type-post","status-publish","format-standard","has-post-thumbnail","hentry","category-policiales","category-portada"],"jetpack_featured_media_url":"https:\/\/i0.wp.com\/cdnoticias.com\/wp-content\/uploads\/2025\/03\/dean-funes-y-canaveri-0.jpg?fit=700%2C389&ssl=1","jetpack_sharing_enabled":true,"_links":{"self":[{"href":"https:\/\/cdnoticias.com\/index.php\/wp-json\/wp\/v2\/posts\/167157","targetHints":{"allow":["GET"]}}],"collection":[{"href":"https:\/\/cdnoticias.com\/index.php\/wp-json\/wp\/v2\/posts"}],"about":[{"href":"https:\/\/cdnoticias.com\/index.php\/wp-json\/wp\/v2\/types\/post"}],"author":[{"embeddable":true,"href":"https:\/\/cdnoticias.com\/index.php\/wp-json\/wp\/v2\/users\/4"}],"replies":[{"embeddable":true,"href":"https:\/\/cdnoticias.com\/index.php\/wp-json\/wp\/v2\/comments?post=167157"}],"version-history":[{"count":0,"href":"https:\/\/cdnoticias.com\/index.php\/wp-json\/wp\/v2\/posts\/167157\/revisions"}],"wp:featuredmedia":[{"embeddable":true,"href":"https:\/\/cdnoticias.com\/index.php\/wp-json\/wp\/v2\/media\/167158"}],"wp:attachment":[{"href":"https:\/\/cdnoticias.com\/index.php\/wp-json\/wp\/v2\/media?parent=167157"}],"wp:term":[{"taxonomy":"category","embeddable":true,"href":"https:\/\/cdnoticias.com\/index.php\/wp-json\/wp\/v2\/categories?post=167157"},{"taxonomy":"post_tag","embeddable":true,"href":"https:\/\/cdnoticias.com\/index.php\/wp-json\/wp\/v2\/tags?post=167157"}],"curies":[{"name":"wp","href":"https:\/\/api.w.org\/{rel}","templated":true}]}}