{"id":167155,"date":"2025-03-22T13:24:29","date_gmt":"2025-03-22T16:24:29","guid":{"rendered":"https:\/\/cdnoticias.com\/?p=167155"},"modified":"2025-03-22T13:24:33","modified_gmt":"2025-03-22T16:24:33","slug":"maria-mercedes-zubiria-mecha-q-e-p-d","status":"publish","type":"post","link":"https:\/\/cdnoticias.com\/index.php\/2025\/03\/22\/maria-mercedes-zubiria-mecha-q-e-p-d\/","title":{"rendered":"Mar\u00eda Mercedes Zubiria &#8220;Mecha&#8221; (Q.E.P.D.)"},"content":{"rendered":"<p>Falleci\u00f3 en Olavarr\u00eda el d\u00eda 22 de marzo de 2025 a los 88 a\u00f1os de edad.<\/p>\n<p>Sus sobrinos: Carlos y Maria In\u00e9s. Su sobrino en el afecto: Luis Miguel Martel. Sus primos: Elena Oberti y Oscar Leira. Sus ahijados: Mariano y Eliana Leira; Alberto Melendi y Laura Diaz. Sus sobrinos-nietos y dem\u00e1s deudos participan su fallecimiento.<\/p>\n<p>Sin velatorio. Sin responso. Cremaci\u00f3n: Crematorio Pinos de Paz, en d\u00eda a confirmar. Servicio adherido a Coopelectric.<\/p>\n<p>Barrio en el que viv\u00eda: Pueblo Nuevo.<\/p>\n<p>Lugar de nacimiento: Olavarr\u00eda.<\/p>\n<p>Actividad que desarrollaba: Jubilada.<\/p>\n","protected":false},"excerpt":{"rendered":"<p>Falleci\u00f3 en Olavarr\u00eda el d\u00eda 22 de marzo de 2025 a los 88 a\u00f1os de edad. Sus sobrinos: Carlos y<\/p>\n","protected":false},"author":4,"featured_media":51544,"comment_status":"closed","ping_status":"closed","sticky":false,"template":"","format":"standard","meta":{"_jetpack_memberships_contains_paid_content":false,"footnotes":""},"categories":[10],"tags":[],"class_list":["post-167155","post","type-post","status-publish","format-standard","has-post-thumbnail","hentry","category-necrologicas"],"jetpack_featured_media_url":"https:\/\/i0.wp.com\/cdnoticias.com\/wp-content\/uploads\/2022\/04\/necrologicas-390-x-240.jpg?fit=390%2C240&ssl=1","jetpack_sharing_enabled":true,"_links":{"self":[{"href":"https:\/\/cdnoticias.com\/index.php\/wp-json\/wp\/v2\/posts\/167155","targetHints":{"allow":["GET"]}}],"collection":[{"href":"https:\/\/cdnoticias.com\/index.php\/wp-json\/wp\/v2\/posts"}],"about":[{"href":"https:\/\/cdnoticias.com\/index.php\/wp-json\/wp\/v2\/types\/post"}],"author":[{"embeddable":true,"href":"https:\/\/cdnoticias.com\/index.php\/wp-json\/wp\/v2\/users\/4"}],"replies":[{"embeddable":true,"href":"https:\/\/cdnoticias.com\/index.php\/wp-json\/wp\/v2\/comments?post=167155"}],"version-history":[{"count":0,"href":"https:\/\/cdnoticias.com\/index.php\/wp-json\/wp\/v2\/posts\/167155\/revisions"}],"wp:featuredmedia":[{"embeddable":true,"href":"https:\/\/cdnoticias.com\/index.php\/wp-json\/wp\/v2\/media\/51544"}],"wp:attachment":[{"href":"https:\/\/cdnoticias.com\/index.php\/wp-json\/wp\/v2\/media?parent=167155"}],"wp:term":[{"taxonomy":"category","embeddable":true,"href":"https:\/\/cdnoticias.com\/index.php\/wp-json\/wp\/v2\/categories?post=167155"},{"taxonomy":"post_tag","embeddable":true,"href":"https:\/\/cdnoticias.com\/index.php\/wp-json\/wp\/v2\/tags?post=167155"}],"curies":[{"name":"wp","href":"https:\/\/api.w.org\/{rel}","templated":true}]}}