{"id":16715,"date":"2021-03-20T20:31:36","date_gmt":"2021-03-20T23:31:36","guid":{"rendered":"http:\/\/www.centraldenoticias.com.ar\/?p=16715"},"modified":"2021-03-21T08:55:51","modified_gmt":"2021-03-21T11:55:51","slug":"todo-listo-para-una-nueva-interna-de-la-ucr-en-olavarria","status":"publish","type":"post","link":"https:\/\/cdnoticias.com\/index.php\/2021\/03\/20\/todo-listo-para-una-nueva-interna-de-la-ucr-en-olavarria\/","title":{"rendered":"Todo listo para una nueva interna de la UCR en Olavarr\u00eda"},"content":{"rendered":"<p>Habr\u00e1 tres listas que buscar\u00e1n liderar los destinos del radicalismo local. En paralelo, se definir\u00e1 el Comit\u00e9 Provincial con dos candidatos.\u00a0<!--more--><\/p>\n<hr \/>\n<p>Desde este domingo por la ma\u00f1ana y hasta horas de la tarde,<strong><a href=\"https:\/\/cdnoticias.com\/index.php\/2021\/03\/09\/la-ucr-difundio-los-lugares-de-votacion-para-las-elecciones-internas\/\" target=\"_blank\" rel=\"noopener\"> ocho escuelas de la ciudad y las localidades estar\u00e1n habilitadas<\/a> para elegir nuevas autoridades del radicalismo. En Olavarr\u00eda hay tres listas que llegan en una campa\u00f1a moderadamente tranquila<\/strong> que gan\u00f3 tensi\u00f3n en las \u00faltimas horas, por fuera de la \u201ccalma\u201d y las propuestas.<\/p>\n<p>&nbsp;<\/p>\n<p>A nivel local, cabe se\u00f1alar que se enfrentar\u00e1n <strong>Gonzalo Dolagaray, Franco Illescas y Rub\u00e9n \u201cBebe\u201d Lanceta<\/strong> por comandar los destinos de la UCR en la ciudad.<\/p>\n<p>&nbsp;<\/p>\n<p><a href=\"https:\/\/cdnoticias.com\/index.php\/2021\/03\/18\/la-gente-esta-esperando-radicalismo\/\" target=\"_blank\" rel=\"noopener\"><strong>Dolagaray pertenece a la lista del actual oficialismo, Lista 114 \u201cProtagonismo Radical\u201d<\/strong><\/a>, que tiene a Francisco \u201cPancho\u201d Gonz\u00e1lez como actual presidente del comit\u00e9. Un dato a tener en cuenta es que, adem\u00e1s de estar referenciados por el candidato provincial Gustavo Posse, <strong>el<a href=\"https:\/\/cdnoticias.com\/index.php\/2021\/02\/28\/franco-cominotto-tal-vez-en-el-2023-el-radicalismo-va-a-poner-el-intendente-de-la-ciudad\/\" target=\"_blank\" rel=\"noopener\"> candidato a Secretario General bonaerense es el olavarriense Franco Cominotto<\/a>.<\/strong> Tambi\u00e9n tiene referencia en el concejal Mart\u00edn Lastape.<\/p>\n<p>&nbsp;<\/p>\n<p><img data-recalc-dims=\"1\" loading=\"lazy\" decoding=\"async\" class=\"alignnone size-full wp-image-16558\" src=\"https:\/\/i0.wp.com\/cdnoticias.com\/wp-content\/uploads\/2021\/03\/vergel-dolagaray-4.jpg?resize=800%2C533&#038;ssl=1\" alt=\"\" width=\"800\" height=\"533\" \/><\/p>\n<p>&nbsp;<\/p>\n<p><strong><a href=\"https:\/\/cdnoticias.com\/index.php\/2021\/03\/17\/estamos-muy-entusiasmados-por-la-demanda-de-la-lista-local\/\" target=\"_blank\" rel=\"noopener\">Rub\u00e9n \u201cBebe\u201d Lanceta es un hist\u00f3rico dirigente de la UCR<\/a>, ex diputado nacional y decidi\u00f3, en esta ocasi\u00f3n, participar de la elecci\u00f3n con la Lista 11 \u201cRadicales Olavarr\u00eda\u201d.<\/strong> Tambi\u00e9n est\u00e1 referenciado en Gustavo Posse a nivel provincial y mostr\u00f3 el acompa\u00f1amiento de los \u201chist\u00f3ricos\u201d radicales como Pinocho L\u00e1zaro y Eduardo Malamud.<\/p>\n<p>&nbsp;<\/p>\n<p><img data-recalc-dims=\"1\" loading=\"lazy\" decoding=\"async\" class=\"alignnone size-full wp-image-16433\" src=\"https:\/\/i0.wp.com\/cdnoticias.com\/wp-content\/uploads\/2021\/03\/Lanceta2.jpg?resize=800%2C533&#038;ssl=1\" alt=\"\" width=\"800\" height=\"533\" srcset=\"https:\/\/i0.wp.com\/cdnoticias.com\/wp-content\/uploads\/2021\/03\/Lanceta2.jpg?w=4608&amp;ssl=1 4608w, https:\/\/i0.wp.com\/cdnoticias.com\/wp-content\/uploads\/2021\/03\/Lanceta2.jpg?resize=300%2C200&amp;ssl=1 300w, https:\/\/i0.wp.com\/cdnoticias.com\/wp-content\/uploads\/2021\/03\/Lanceta2.jpg?resize=768%2C512&amp;ssl=1 768w, https:\/\/i0.wp.com\/cdnoticias.com\/wp-content\/uploads\/2021\/03\/Lanceta2.jpg?resize=1024%2C683&amp;ssl=1 1024w, https:\/\/i0.wp.com\/cdnoticias.com\/wp-content\/uploads\/2021\/03\/Lanceta2.jpg?resize=272%2C182&amp;ssl=1 272w, https:\/\/i0.wp.com\/cdnoticias.com\/wp-content\/uploads\/2021\/03\/Lanceta2.jpg?w=1600&amp;ssl=1 1600w, https:\/\/i0.wp.com\/cdnoticias.com\/wp-content\/uploads\/2021\/03\/Lanceta2.jpg?w=2400&amp;ssl=1 2400w\" sizes=\"auto, (max-width: 800px) 100vw, 800px\" \/><\/p>\n<p>&nbsp;<\/p>\n<p>El tercer candidato tiene otra referencia provincial y otros apoyos: <strong><a href=\"https:\/\/cdnoticias.com\/index.php\/2021\/03\/18\/despues-de-mucho-tiempo-el-afiliado-radical-se-siente-identificado-con-una-linea-interna\/\" target=\"_blank\" rel=\"noopener\">Franco Illescas (Lista 123, \u201cAdelante Buenos Aires\u201d) busca liderar la UCR<\/a> acompa\u00f1ado de <a href=\"https:\/\/cdnoticias.com\/index.php\/2021\/03\/14\/estoy-convencido-de-que-en-la-septima-vamos-a-hacer-una-gran-eleccion\/\" target=\"_blank\" rel=\"noopener\">Maximiliano Abad a nivel provincial<\/a><\/strong>, el rival de Posse. Con el firme acompa\u00f1amiento de la concejala Celeste Arouxet, se ha visto el apoyo expl\u00edcito de la diputada Alejandra Lorden, el senador Alejandro Cellillo y, un poco m\u00e1s t\u00edmido, Andr\u00e9s Malamud, quien es candidato a convencional por la lista que impulsa Abad.<\/p>\n<p>&nbsp;<\/p>\n<p><img data-recalc-dims=\"1\" loading=\"lazy\" decoding=\"async\" class=\"alignnone size-full wp-image-16192\" src=\"https:\/\/i0.wp.com\/cdnoticias.com\/wp-content\/uploads\/2021\/03\/UCR04.jpg?resize=800%2C445&#038;ssl=1\" alt=\"\" width=\"800\" height=\"445\" srcset=\"https:\/\/i0.wp.com\/cdnoticias.com\/wp-content\/uploads\/2021\/03\/UCR04.jpg?w=800&amp;ssl=1 800w, https:\/\/i0.wp.com\/cdnoticias.com\/wp-content\/uploads\/2021\/03\/UCR04.jpg?resize=300%2C167&amp;ssl=1 300w, https:\/\/i0.wp.com\/cdnoticias.com\/wp-content\/uploads\/2021\/03\/UCR04.jpg?resize=768%2C427&amp;ssl=1 768w\" sizes=\"auto, (max-width: 800px) 100vw, 800px\" \/><\/p>\n<p>&nbsp;<\/p>\n<blockquote><p>Se estima, al menos, la participaci\u00f3n de 600 afiliados de la UCR e incluso algunos optimistas auguran una concurrencia mayor a las urnas del Partido.<\/p><\/blockquote>\n<p>&nbsp;<\/p>\n<p>Otro dato a tener en cuenta, adem\u00e1s, es que <strong>habr\u00e1 estrictos protocolos por la pandemia<\/strong> y que<a href=\"https:\/\/cdnoticias.com\/index.php\/2021\/03\/20\/exceptuan-del-dispo-a-los-involucrados-en-la-interna-de-la-ucr-bonaerense\/\" target=\"_blank\" rel=\"noopener\"> los involucrados en los comicios estar\u00e1n exceptados del DISPO<\/a>, tal como ratific\u00f3 el gobierno nacional mediante un decreto publicado este s\u00e1bado.<\/p>\n","protected":false},"excerpt":{"rendered":"<p>Habr\u00e1 tres listas que buscar\u00e1n liderar los destinos del radicalismo local. En paralelo, se definir\u00e1 el Comit\u00e9 Provincial con dos<\/p>\n","protected":false},"author":2,"featured_media":16716,"comment_status":"closed","ping_status":"closed","sticky":false,"template":"","format":"standard","meta":{"_jetpack_memberships_contains_paid_content":false,"footnotes":""},"categories":[4,1],"tags":[],"class_list":["post-16715","post","type-post","status-publish","format-standard","has-post-thumbnail","hentry","category-politica","category-portada"],"jetpack_featured_media_url":"https:\/\/i0.wp.com\/cdnoticias.com\/wp-content\/uploads\/2021\/03\/interna-ucr-olavarria-dolagaray-illescas-lanceta.jpg?fit=1040%2C736&ssl=1","jetpack_sharing_enabled":true,"_links":{"self":[{"href":"https:\/\/cdnoticias.com\/index.php\/wp-json\/wp\/v2\/posts\/16715","targetHints":{"allow":["GET"]}}],"collection":[{"href":"https:\/\/cdnoticias.com\/index.php\/wp-json\/wp\/v2\/posts"}],"about":[{"href":"https:\/\/cdnoticias.com\/index.php\/wp-json\/wp\/v2\/types\/post"}],"author":[{"embeddable":true,"href":"https:\/\/cdnoticias.com\/index.php\/wp-json\/wp\/v2\/users\/2"}],"replies":[{"embeddable":true,"href":"https:\/\/cdnoticias.com\/index.php\/wp-json\/wp\/v2\/comments?post=16715"}],"version-history":[{"count":0,"href":"https:\/\/cdnoticias.com\/index.php\/wp-json\/wp\/v2\/posts\/16715\/revisions"}],"wp:featuredmedia":[{"embeddable":true,"href":"https:\/\/cdnoticias.com\/index.php\/wp-json\/wp\/v2\/media\/16716"}],"wp:attachment":[{"href":"https:\/\/cdnoticias.com\/index.php\/wp-json\/wp\/v2\/media?parent=16715"}],"wp:term":[{"taxonomy":"category","embeddable":true,"href":"https:\/\/cdnoticias.com\/index.php\/wp-json\/wp\/v2\/categories?post=16715"},{"taxonomy":"post_tag","embeddable":true,"href":"https:\/\/cdnoticias.com\/index.php\/wp-json\/wp\/v2\/tags?post=16715"}],"curies":[{"name":"wp","href":"https:\/\/api.w.org\/{rel}","templated":true}]}}