{"id":167144,"date":"2025-03-22T12:23:16","date_gmt":"2025-03-22T15:23:16","guid":{"rendered":"https:\/\/cdnoticias.com\/?p=167144"},"modified":"2025-03-22T16:07:47","modified_gmt":"2025-03-22T19:07:47","slug":"tras-los-desbordes-miles-de-hectareas-tapadas-es-infernal","status":"publish","type":"post","link":"https:\/\/cdnoticias.com\/index.php\/2025\/03\/22\/tras-los-desbordes-miles-de-hectareas-tapadas-es-infernal\/","title":{"rendered":"Tras los desbordes: \u201cMiles de hect\u00e1reas tapadas, es infernal\u201d"},"content":{"rendered":"<p>Hace unos d\u00edas, tres vecinos de Tapalqu\u00e9 mostraron el estado de los campos en el l\u00edmite entre ese distrito y Olavarr\u00eda desde un avi\u00f3n. Preocupaci\u00f3n por las lluvias pronosticadas.<!--more--><\/p>\n<hr \/>\n<p>\u201cVolamos 2 horas y 10. <strong>Hasta Blanca Grande, es descomunal desastre que hay sobre la ruta 226. Miles de hect\u00e1reas tapadas, es infernal\u201d<\/strong> fueron las palabras de un productor rural del distrito de Tapalqu\u00e9.<\/p>\n<p>Junto a otras dos personas del municipio vecino <strong>sobrevolaron la zona l\u00edmite entre Tapalqu\u00e9 y Olavarr\u00eda, incluyendo el sector lindero al l\u00edmite con Bol\u00edvar<\/strong>, para observar y mostrar el <strong>estado de los campos tras las inundaciones<\/strong> de hace dos semanas.<\/p>\n<p>Las im\u00e1genes fueron tomadas hace algunos d\u00edas y apuntaban a<strong> evaluar el caudal del arroyo Vallimanca<\/strong>, que recibe las aguas de esa zona. Cabe resaltar que <strong>desde el Municipio de Bol\u00edvar, as\u00ed como desde Bomberos Voluntarios de esa localidad, se han emitido informes diarios que dan cuenta de la baja del caudal<\/strong> en ese curso. De la misma manera se inform\u00f3 sobre los <strong>arroyos Las Flores y Brandsen<\/strong> que tambi\u00e9n desembocan en el Vallimanca.<\/p>\n<p>M\u00e1s all\u00e1 del panorama prometedor con la bajante, desde aquella zona <strong>se mantiene la preocupaci\u00f3n por las lluvias <a href=\"https:\/\/cdnoticias.com\/index.php\/2025\/03\/21\/alerta-amarilla-por-tormentas-y-lluvias-desde-el-sabado-al-domingo-en-olavarria\/\" target=\"_blank\" rel=\"noopener\">previstas para este fin de semana<\/a><\/strong>.<\/p>\n<blockquote class=\"instagram-media\" style=\"background: #FFF; border: 0; border-radius: 3px; box-shadow: 0 0 1px 0 rgba(0,0,0,0.5),0 1px 10px 0 rgba(0,0,0,0.15); margin: 1px; max-width: 540px; min-width: 326px; padding: 0; width: calc(100% - 2px);\" data-instgrm-permalink=\"https:\/\/www.instagram.com\/reel\/DHgY-VOO_uo\/?utm_source=ig_embed&amp;utm_campaign=loading\" data-instgrm-version=\"14\">\n<div style=\"padding: 16px;\">\n<div style=\"display: flex; flex-direction: row; align-items: center;\">\n<div style=\"background-color: #f4f4f4; border-radius: 50%; flex-grow: 0; height: 40px; margin-right: 14px; width: 40px;\"><\/div>\n<div style=\"display: flex; flex-direction: column; flex-grow: 1; justify-content: center;\">\n<div style=\"background-color: #f4f4f4; border-radius: 4px; flex-grow: 0; height: 14px; margin-bottom: 6px; width: 100px;\"><\/div>\n<div style=\"background-color: #f4f4f4; border-radius: 4px; flex-grow: 0; height: 14px; width: 60px;\"><\/div>\n<\/div>\n<\/div>\n<div style=\"padding: 19% 0;\"><\/div>\n<div style=\"display: block; height: 50px; margin: 0 auto 12px; width: 50px;\"><\/div>\n<div style=\"padding-top: 8px;\">\n<div style=\"color: #3897f0; font-family: Arial,sans-serif; font-size: 14px; font-style: normal; font-weight: 550; line-height: 18px;\">Ver esta publicaci\u00f3n en Instagram<\/div>\n<\/div>\n<div style=\"padding: 12.5% 0;\"><\/div>\n<div style=\"display: flex; flex-direction: row; margin-bottom: 14px; align-items: center;\">\n<div>\n<div style=\"background-color: #f4f4f4; border-radius: 50%; height: 12.5px; width: 12.5px; transform: translateX(0px) translateY(7px);\"><\/div>\n<div style=\"background-color: #f4f4f4; height: 12.5px; transform: rotate(-45deg) translateX(3px) translateY(1px); width: 12.5px; flex-grow: 0; margin-right: 14px; margin-left: 2px;\"><\/div>\n<div style=\"background-color: #f4f4f4; border-radius: 50%; height: 12.5px; width: 12.5px; transform: translateX(9px) translateY(-18px);\"><\/div>\n<\/div>\n<div style=\"margin-left: 8px;\">\n<div style=\"background-color: #f4f4f4; border-radius: 50%; flex-grow: 0; height: 20px; width: 20px;\"><\/div>\n<div style=\"width: 0; height: 0; border-top: 2px solid transparent; border-left: 6px solid #f4f4f4; border-bottom: 2px solid transparent; transform: translateX(16px) translateY(-4px) rotate(30deg);\"><\/div>\n<\/div>\n<div style=\"margin-left: auto;\">\n<div style=\"width: 0px; border-top: 8px solid #F4F4F4; border-right: 8px solid transparent; transform: translateY(16px);\"><\/div>\n<div style=\"background-color: #f4f4f4; flex-grow: 0; height: 12px; width: 16px; transform: translateY(-4px);\"><\/div>\n<div style=\"width: 0; height: 0; border-top: 8px solid #F4F4F4; border-left: 8px solid transparent; transform: translateY(-4px) translateX(8px);\"><\/div>\n<\/div>\n<\/div>\n<div style=\"display: flex; flex-direction: column; flex-grow: 1; justify-content: center; margin-bottom: 24px;\">\n<div style=\"background-color: #f4f4f4; border-radius: 4px; flex-grow: 0; height: 14px; margin-bottom: 6px; width: 224px;\"><\/div>\n<div style=\"background-color: #f4f4f4; border-radius: 4px; flex-grow: 0; height: 14px; width: 144px;\"><\/div>\n<\/div>\n<p style=\"color: #c9c8cd; font-family: Arial,sans-serif; font-size: 14px; line-height: 17px; margin-bottom: 0; margin-top: 8px; overflow: hidden; padding: 8px 0 7px; text-align: center; text-overflow: ellipsis; white-space: nowrap;\"><a style=\"color: #c9c8cd; font-family: Arial,sans-serif; font-size: 14px; font-style: normal; font-weight: normal; line-height: 17px; text-decoration: none;\" href=\"https:\/\/www.instagram.com\/reel\/DHgY-VOO_uo\/?utm_source=ig_embed&amp;utm_campaign=loading\" target=\"_blank\" rel=\"noopener\">Una publicaci\u00f3n compartida por Central de Noticias Olavarr\u00eda (@cdnolavarria)<\/a><\/p>\n<\/div>\n<\/blockquote>\n<p><script async src=\"\/\/www.instagram.com\/embed.js\"><\/script><\/p>\n<blockquote class=\"wp-embedded-content\" data-secret=\"oLbUGUsHFn\"><p><a href=\"https:\/\/cdnoticias.com\/index.php\/2025\/03\/11\/alejandra-goldberg-el-temporal-afecto-bastante-todavia-hay-agua-en-los-campos\/\">Alejandra Goldberg: \u201cel temporal afect\u00f3 bastante, todav\u00eda hay agua en los campos\u201d<\/a><\/p><\/blockquote>\n<p><iframe loading=\"lazy\" class=\"wp-embedded-content\" sandbox=\"allow-scripts\" security=\"restricted\" style=\"position: absolute; visibility: hidden;\" title=\"&#8220;Alejandra Goldberg: \u201cel temporal afect\u00f3 bastante, todav\u00eda hay agua en los campos\u201d&#8221; &#8212; Central de Noticias | Olavarr\u00eda\" src=\"https:\/\/cdnoticias.com\/index.php\/2025\/03\/11\/alejandra-goldberg-el-temporal-afecto-bastante-todavia-hay-agua-en-los-campos\/embed\/#?secret=EF6fLTBRbi#?secret=oLbUGUsHFn\" data-secret=\"oLbUGUsHFn\" width=\"600\" height=\"338\" frameborder=\"0\" marginwidth=\"0\" marginheight=\"0\" scrolling=\"no\"><\/iframe><\/p>\n","protected":false},"excerpt":{"rendered":"<p>Hace unos d\u00edas, tres vecinos de Tapalqu\u00e9 mostraron el estado de los campos en el l\u00edmite entre ese distrito y<\/p>\n","protected":false},"author":4,"featured_media":167145,"comment_status":"closed","ping_status":"closed","sticky":false,"template":"","format":"standard","meta":{"_jetpack_memberships_contains_paid_content":false,"footnotes":""},"categories":[5,1],"tags":[],"class_list":["post-167144","post","type-post","status-publish","format-standard","has-post-thumbnail","hentry","category-informacion-general","category-portada"],"jetpack_featured_media_url":"https:\/\/i0.wp.com\/cdnoticias.com\/wp-content\/uploads\/2025\/03\/campos-inundados-tapalque-blanca-grande-marzo-2025.jpg?fit=1000%2C557&ssl=1","jetpack_sharing_enabled":true,"_links":{"self":[{"href":"https:\/\/cdnoticias.com\/index.php\/wp-json\/wp\/v2\/posts\/167144","targetHints":{"allow":["GET"]}}],"collection":[{"href":"https:\/\/cdnoticias.com\/index.php\/wp-json\/wp\/v2\/posts"}],"about":[{"href":"https:\/\/cdnoticias.com\/index.php\/wp-json\/wp\/v2\/types\/post"}],"author":[{"embeddable":true,"href":"https:\/\/cdnoticias.com\/index.php\/wp-json\/wp\/v2\/users\/4"}],"replies":[{"embeddable":true,"href":"https:\/\/cdnoticias.com\/index.php\/wp-json\/wp\/v2\/comments?post=167144"}],"version-history":[{"count":0,"href":"https:\/\/cdnoticias.com\/index.php\/wp-json\/wp\/v2\/posts\/167144\/revisions"}],"wp:featuredmedia":[{"embeddable":true,"href":"https:\/\/cdnoticias.com\/index.php\/wp-json\/wp\/v2\/media\/167145"}],"wp:attachment":[{"href":"https:\/\/cdnoticias.com\/index.php\/wp-json\/wp\/v2\/media?parent=167144"}],"wp:term":[{"taxonomy":"category","embeddable":true,"href":"https:\/\/cdnoticias.com\/index.php\/wp-json\/wp\/v2\/categories?post=167144"},{"taxonomy":"post_tag","embeddable":true,"href":"https:\/\/cdnoticias.com\/index.php\/wp-json\/wp\/v2\/tags?post=167144"}],"curies":[{"name":"wp","href":"https:\/\/api.w.org\/{rel}","templated":true}]}}