{"id":167088,"date":"2025-03-21T10:47:24","date_gmt":"2025-03-21T13:47:24","guid":{"rendered":"https:\/\/cdnoticias.com\/?p=167088"},"modified":"2025-03-21T10:47:28","modified_gmt":"2025-03-21T13:47:28","slug":"el-bloque-de-uxp-manifesto-preocupacion-por-los-despidos-masivos-en-cerro-negro","status":"publish","type":"post","link":"https:\/\/cdnoticias.com\/index.php\/2025\/03\/21\/el-bloque-de-uxp-manifesto-preocupacion-por-los-despidos-masivos-en-cerro-negro\/","title":{"rendered":"El bloque de UxP manifest\u00f3 preocupaci\u00f3n por los despidos masivos en Cerro Negro"},"content":{"rendered":"\n<p>El bloque de concejales present\u00f3 un proyecto de comunicaci\u00f3n para que el HCD de Olavarr\u00eda solicite la intervenci\u00f3n del gobierno nacional para evitar el despido de 96 trabajadores de la planta de Cerro Negro.<\/p>\n\n\n\n<hr class=\"wp-block-separator aligncenter has-alpha-channel-opacity\"\/>\n\n\n\n<p>Este viernes, <strong>el bloque de Uni\u00f3n por la Patria en el Concejo Deliberante present\u00f3 una propuesta para que el gobierno nacional intervenga en el conflicto de Cerro Negro con 96 despidos en las \u00faltimas horas.<\/strong><\/p>\n\n\n\n<p>Los ediles <strong>expresaron su preocupaci\u00f3n por esta grave situaci\u00f3n y piden al gobierno nacional generar <em>\u201cmedidas tendientes a mejorar la situaci\u00f3n de los trabajadores y que interceda ante la empresa para que revea la decisi\u00f3n\u201d.<\/em><\/strong><\/p>\n\n\n\n<p>En los argumentos, el proyecto plantea que las Canteras Cerro Negro, es una de las compa\u00f1\u00edas m\u00e1s grandes del sector ceramista, con establecimientos en Olavarr\u00eda, Campana y C\u00f3rdoba, y es<strong> parte del holding argentino Sociedad Comercial del Plata SA que en 2024 tuvo ganancias por 66.420 millones de pesos.<\/strong><\/p>\n\n\n\n<p>Adem\u00e1s, el texto advierte que <strong>estos despidos se produjeron luego de que el gobierno nacional avance en la C\u00e1mara de Diputados apruebe el DNU<\/strong> de Javier Milei autorizando un nuevo endeudamiento con el Fondo Monetario Internacional (FMI) que provocar\u00e1 mayor recesi\u00f3n y un agravamiento de las condiciones para el sector industrial.<\/p>\n\n\n\n<p>El bloque adem\u00e1s se\u00f1ala que<strong> los despidos en Cerro Negro significan un <em>&#8220;duro golpe para nuestra comunidad&#8221;<\/em><\/strong> al dejar casi 100 familias sin sustento econ\u00f3mico y que el Concejo Deliberante de Olavarr\u00eda debe solidarizarse y ponerse a disposici\u00f3n de estos trabajadores.<\/p>\n\n\n\n<p>Los concejales de Uni\u00f3n por la Patria consideran que la p\u00e9rdida de puestos laborales son el <em><strong>\u201cresultado inevitable del modelo econ\u00f3mico que est\u00e1 aplicando el gobierno de nacional\u201d <\/strong><\/em>que provoca una abrupta ca\u00edda del consumo interno y alienta a importar productos que antes se elaboraban en el pa\u00eds.<\/p>\n","protected":false},"excerpt":{"rendered":"<p>El bloque de concejales present\u00f3 un proyecto de comunicaci\u00f3n para que el HCD de Olavarr\u00eda solicite la intervenci\u00f3n del gobierno<\/p>\n","protected":false},"author":2,"featured_media":166540,"comment_status":"closed","ping_status":"closed","sticky":false,"template":"","format":"standard","meta":{"_jetpack_memberships_contains_paid_content":false,"footnotes":""},"categories":[4,1],"tags":[],"class_list":["post-167088","post","type-post","status-publish","format-standard","has-post-thumbnail","hentry","category-politica","category-portada"],"jetpack_featured_media_url":"https:\/\/i0.wp.com\/cdnoticias.com\/wp-content\/uploads\/2025\/03\/HCD-bloque-union-por-la-patria.jpg?fit=1000%2C556&ssl=1","jetpack_sharing_enabled":true,"_links":{"self":[{"href":"https:\/\/cdnoticias.com\/index.php\/wp-json\/wp\/v2\/posts\/167088","targetHints":{"allow":["GET"]}}],"collection":[{"href":"https:\/\/cdnoticias.com\/index.php\/wp-json\/wp\/v2\/posts"}],"about":[{"href":"https:\/\/cdnoticias.com\/index.php\/wp-json\/wp\/v2\/types\/post"}],"author":[{"embeddable":true,"href":"https:\/\/cdnoticias.com\/index.php\/wp-json\/wp\/v2\/users\/2"}],"replies":[{"embeddable":true,"href":"https:\/\/cdnoticias.com\/index.php\/wp-json\/wp\/v2\/comments?post=167088"}],"version-history":[{"count":0,"href":"https:\/\/cdnoticias.com\/index.php\/wp-json\/wp\/v2\/posts\/167088\/revisions"}],"wp:featuredmedia":[{"embeddable":true,"href":"https:\/\/cdnoticias.com\/index.php\/wp-json\/wp\/v2\/media\/166540"}],"wp:attachment":[{"href":"https:\/\/cdnoticias.com\/index.php\/wp-json\/wp\/v2\/media?parent=167088"}],"wp:term":[{"taxonomy":"category","embeddable":true,"href":"https:\/\/cdnoticias.com\/index.php\/wp-json\/wp\/v2\/categories?post=167088"},{"taxonomy":"post_tag","embeddable":true,"href":"https:\/\/cdnoticias.com\/index.php\/wp-json\/wp\/v2\/tags?post=167088"}],"curies":[{"name":"wp","href":"https:\/\/api.w.org\/{rel}","templated":true}]}}