{"id":167069,"date":"2025-03-21T08:19:45","date_gmt":"2025-03-21T11:19:45","guid":{"rendered":"https:\/\/cdnoticias.com\/?p=167069"},"modified":"2025-03-21T09:39:12","modified_gmt":"2025-03-21T12:39:12","slug":"se-suspendio-la-kreppelfest-en-colonia-hinojo","status":"publish","type":"post","link":"https:\/\/cdnoticias.com\/index.php\/2025\/03\/21\/se-suspendio-la-kreppelfest-en-colonia-hinojo\/","title":{"rendered":"Se suspendi\u00f3 la Kreppelfest en Colonia Hinojo"},"content":{"rendered":"\n<p>La decisi\u00f3n se tom\u00f3 ante el pron\u00f3stico del tiempo desfavorable para el fin de semana. El evento ser\u00e1 reprogramado.<\/p>\n\n\n\n<hr class=\"wp-block-separator has-alpha-channel-opacity\"\/>\n\n\n\n<p>Una nueva edici\u00f3n de la Kreppelfest en Colonia Hinojo estaba prevista para este <strong>s\u00e1bado 22 y domingo 23 de marzo <\/strong>con el gran show de cierre de la Nueva Luna y un variado cronograma de propuestas.<\/p>\n\n\n\n<p><\/p>\n\n\n\n<p>Sin embargo, el pron\u00f3stico emitido por el Servicio Meteorol\u00f3gico Nacional anticipa<strong> lluvias para todo el fin de semana.<\/strong><\/p>\n\n\n\n<p><\/p>\n\n\n\n<p>De esta forma, <strong>el evento debi\u00f3 ser suspendido y ser\u00e1 reprogramado. <\/strong>Seg\u00fan indicaron, la nueva fecha ser\u00e1 comunicada pr\u00f3ximamente.<\/p>\n","protected":false},"excerpt":{"rendered":"<p>La decisi\u00f3n se tom\u00f3 ante el pron\u00f3stico del tiempo desfavorable para el fin de semana. El evento ser\u00e1 reprogramado. Una<\/p>\n","protected":false},"author":5,"featured_media":113217,"comment_status":"closed","ping_status":"closed","sticky":false,"template":"","format":"standard","meta":{"_jetpack_memberships_contains_paid_content":false,"footnotes":""},"categories":[9,1],"tags":[],"class_list":["post-167069","post","type-post","status-publish","format-standard","has-post-thumbnail","hentry","category-cultura","category-portada"],"jetpack_featured_media_url":"https:\/\/i0.wp.com\/cdnoticias.com\/wp-content\/uploads\/2024\/04\/kreppelfest-colonia-hinojo-2024-a.jpg?fit=800%2C445&ssl=1","jetpack_sharing_enabled":true,"_links":{"self":[{"href":"https:\/\/cdnoticias.com\/index.php\/wp-json\/wp\/v2\/posts\/167069","targetHints":{"allow":["GET"]}}],"collection":[{"href":"https:\/\/cdnoticias.com\/index.php\/wp-json\/wp\/v2\/posts"}],"about":[{"href":"https:\/\/cdnoticias.com\/index.php\/wp-json\/wp\/v2\/types\/post"}],"author":[{"embeddable":true,"href":"https:\/\/cdnoticias.com\/index.php\/wp-json\/wp\/v2\/users\/5"}],"replies":[{"embeddable":true,"href":"https:\/\/cdnoticias.com\/index.php\/wp-json\/wp\/v2\/comments?post=167069"}],"version-history":[{"count":0,"href":"https:\/\/cdnoticias.com\/index.php\/wp-json\/wp\/v2\/posts\/167069\/revisions"}],"wp:featuredmedia":[{"embeddable":true,"href":"https:\/\/cdnoticias.com\/index.php\/wp-json\/wp\/v2\/media\/113217"}],"wp:attachment":[{"href":"https:\/\/cdnoticias.com\/index.php\/wp-json\/wp\/v2\/media?parent=167069"}],"wp:term":[{"taxonomy":"category","embeddable":true,"href":"https:\/\/cdnoticias.com\/index.php\/wp-json\/wp\/v2\/categories?post=167069"},{"taxonomy":"post_tag","embeddable":true,"href":"https:\/\/cdnoticias.com\/index.php\/wp-json\/wp\/v2\/tags?post=167069"}],"curies":[{"name":"wp","href":"https:\/\/api.w.org\/{rel}","templated":true}]}}