{"id":167066,"date":"2025-03-20T20:39:22","date_gmt":"2025-03-20T23:39:22","guid":{"rendered":"https:\/\/cdnoticias.com\/?p=167066"},"modified":"2025-03-20T20:39:26","modified_gmt":"2025-03-20T23:39:26","slug":"concejales-libertarios-piden-repavimentacion-y-mantenimiento-de-calles-en-barrio-fonavi","status":"publish","type":"post","link":"https:\/\/cdnoticias.com\/index.php\/2025\/03\/20\/concejales-libertarios-piden-repavimentacion-y-mantenimiento-de-calles-en-barrio-fonavi\/","title":{"rendered":"Concejales libertarios piden repavimentaci\u00f3n y mantenimiento de calles en barrio Fonavi"},"content":{"rendered":"\n<p>Se trata del bloque Por M\u00e1s Libertad, que pidi\u00f3 al Ejecutivo realizar \u201cmantenimiento urgente\u201d de calles en dicho barrio.<\/p>\n\n\n\n<hr class=\"wp-block-separator aligncenter has-alpha-channel-opacity\"\/>\n\n\n\n<p>Este jueves, <strong>el bloque Por M\u00e1s Libertad integrado por Marcelo Petehs y Mariela Casamayor, presentaron un proyecto de resoluci\u00f3n solicitando al Departamento Ejecutivo Municipal la repavimentaci\u00f3n y mantenimiento \u201curgente\u201d de calles clave en el Barrio Fonavi.<\/strong><\/p>\n\n\n\n<p><em>\u201cEsta iniciativa responde a los reiterados reclamos de los vecinos, quienes han manifestado su preocupaci\u00f3n por el deterioro del pavimento y la falta de mantenimiento, lo que genera riesgos tanto para conductores como para peatones\u201d<\/em> indicaron los ediles en un comunicado.<\/p>\n\n\n\n<p><em><strong>&#8220;Las calles en mal estado no s\u00f3lo afectan el tr\u00e1nsito y la seguridad vial, sino que tambi\u00e9n impactan en la calidad de vida de los vecinos. Es urgente que el Municipio tome medidas concretas&#8221;,<\/strong><\/em> expres\u00f3 la concejal Casamayor.<\/p>\n\n\n\n<p>El proyecto <strong>solicita la repavimentaci\u00f3n de la calle Amparo Castro entre Bol\u00edvar y Av. Del Valle; la reparaci\u00f3n de la calle V\u00e9lez Sarsfield entre Saavedra y Amparo Castro; y el mantenimiento de la calle Eulalio Aguilar entre V\u00e9lez Sarsfield y Av. Del Valle.<\/strong><\/p>\n\n\n\n<p><em>\u201cDesde Por M\u00e1s Libertad seguimos trabajando en propuestas concretas para mejorar la infraestructura urbana y garantizar condiciones seguras para todos los ciudadanos\u201d <\/em>cerraron.<\/p>\n","protected":false},"excerpt":{"rendered":"<p>Se trata del bloque Por M\u00e1s Libertad, que pidi\u00f3 al Ejecutivo realizar \u201cmantenimiento urgente\u201d de calles en dicho barrio. Este<\/p>\n","protected":false},"author":2,"featured_media":167067,"comment_status":"closed","ping_status":"closed","sticky":false,"template":"","format":"standard","meta":{"_jetpack_memberships_contains_paid_content":false,"footnotes":""},"categories":[4,1],"tags":[],"class_list":["post-167066","post","type-post","status-publish","format-standard","has-post-thumbnail","hentry","category-politica","category-portada"],"jetpack_featured_media_url":"https:\/\/i0.wp.com\/cdnoticias.com\/wp-content\/uploads\/2025\/03\/asfalto-por-mas-libertad.jpg?fit=1000%2C600&ssl=1","jetpack_sharing_enabled":true,"_links":{"self":[{"href":"https:\/\/cdnoticias.com\/index.php\/wp-json\/wp\/v2\/posts\/167066","targetHints":{"allow":["GET"]}}],"collection":[{"href":"https:\/\/cdnoticias.com\/index.php\/wp-json\/wp\/v2\/posts"}],"about":[{"href":"https:\/\/cdnoticias.com\/index.php\/wp-json\/wp\/v2\/types\/post"}],"author":[{"embeddable":true,"href":"https:\/\/cdnoticias.com\/index.php\/wp-json\/wp\/v2\/users\/2"}],"replies":[{"embeddable":true,"href":"https:\/\/cdnoticias.com\/index.php\/wp-json\/wp\/v2\/comments?post=167066"}],"version-history":[{"count":0,"href":"https:\/\/cdnoticias.com\/index.php\/wp-json\/wp\/v2\/posts\/167066\/revisions"}],"wp:featuredmedia":[{"embeddable":true,"href":"https:\/\/cdnoticias.com\/index.php\/wp-json\/wp\/v2\/media\/167067"}],"wp:attachment":[{"href":"https:\/\/cdnoticias.com\/index.php\/wp-json\/wp\/v2\/media?parent=167066"}],"wp:term":[{"taxonomy":"category","embeddable":true,"href":"https:\/\/cdnoticias.com\/index.php\/wp-json\/wp\/v2\/categories?post=167066"},{"taxonomy":"post_tag","embeddable":true,"href":"https:\/\/cdnoticias.com\/index.php\/wp-json\/wp\/v2\/tags?post=167066"}],"curies":[{"name":"wp","href":"https:\/\/api.w.org\/{rel}","templated":true}]}}