{"id":167048,"date":"2025-03-20T17:53:32","date_gmt":"2025-03-20T20:53:32","guid":{"rendered":"https:\/\/cdnoticias.com\/?p=167048"},"modified":"2025-03-20T18:49:28","modified_gmt":"2025-03-20T21:49:28","slug":"comenzo-un-importante-ciclo-de-jornadas-sobre-consumos-problematicos","status":"publish","type":"post","link":"https:\/\/cdnoticias.com\/index.php\/2025\/03\/20\/comenzo-un-importante-ciclo-de-jornadas-sobre-consumos-problematicos\/","title":{"rendered":"Comenz\u00f3 un importante ciclo de jornadas sobre consumos problem\u00e1ticos"},"content":{"rendered":"\n<p>El intendente Maximiliano Wesner encabez\u00f3 el acto de apertura en el Sal\u00f3n Rivadavia. Est\u00e1 destinada a personal municipal de distintas \u00e1reas de gesti\u00f3n.<\/p>\n\n\n\n<hr class=\"wp-block-separator aligncenter has-alpha-channel-opacity\"\/>\n\n\n\n<p>El Intendente <strong>Maximiliano Wesner encabez\u00f3 el acto de apertura de un ciclo de jornadas de actualizaci\u00f3n y capacitaci\u00f3n sobre el abordaje integral de consumos problem\u00e1ticos<\/strong>, destinada a<strong> personal municipal de las distintas \u00e1reas de gesti\u00f3n<\/strong>, resultado del trabajo conjunto entre las gestiones municipal y provincial.<\/p>\n\n\n\n<p><strong>La primera edici\u00f3n del ciclo se desarrolla este jueves en el Sal\u00f3n Rivadavia, y cuenta con la participaci\u00f3n del Director provincial de Salud Mental y Consumos Problem\u00e1ticos, Mariano Rey,<\/strong> el Director de la Regi\u00f3n Sanitaria IX Ramiro Borzi y dem\u00e1s funcionarios de la cartera bonaerense.<\/p>\n\n\n\n<figure class=\"wp-block-image size-large\"><img data-recalc-dims=\"1\" loading=\"lazy\" decoding=\"async\" width=\"800\" height=\"519\" src=\"https:\/\/i0.wp.com\/cdnoticias.com\/wp-content\/uploads\/2025\/03\/jornada-consumos-problematicos-olavarria2.jpeg?resize=800%2C519&#038;ssl=1\" alt=\"\" class=\"wp-image-167052\" srcset=\"https:\/\/i0.wp.com\/cdnoticias.com\/wp-content\/uploads\/2025\/03\/jornada-consumos-problematicos-olavarria2.jpeg?resize=1024%2C664&amp;ssl=1 1024w, https:\/\/i0.wp.com\/cdnoticias.com\/wp-content\/uploads\/2025\/03\/jornada-consumos-problematicos-olavarria2.jpeg?resize=300%2C195&amp;ssl=1 300w, https:\/\/i0.wp.com\/cdnoticias.com\/wp-content\/uploads\/2025\/03\/jornada-consumos-problematicos-olavarria2.jpeg?resize=768%2C498&amp;ssl=1 768w, https:\/\/i0.wp.com\/cdnoticias.com\/wp-content\/uploads\/2025\/03\/jornada-consumos-problematicos-olavarria2.jpeg?resize=1536%2C996&amp;ssl=1 1536w, https:\/\/i0.wp.com\/cdnoticias.com\/wp-content\/uploads\/2025\/03\/jornada-consumos-problematicos-olavarria2.jpeg?w=1600&amp;ssl=1 1600w\" sizes=\"auto, (max-width: 800px) 100vw, 800px\" \/><\/figure>\n\n\n\n<p>&nbsp;A nivel municipal, participaron de la apertura la Jefa de Gabinete Mercedes Land\u00edvar, la secretaria de Desarrollo de la Comunidad Laura Gamberini; el subsecretario de Salud y director del Hospital Municipal \u201cDr. H\u00e9ctor M. Cura\u201d Fernando Al\u00ed, el titular de Dise\u00f1o y Evaluaci\u00f3n de Pol\u00edticas P\u00fablicas del Municipio, Cristian Delpiani, la jefa de guardia del Hospital Municipal, Jorgelina Montenegro, la subsecretaria de Atenci\u00f3n Primaria de la Salud, Florencia Lestrada; autoridades, referentes y personal de las \u00e1reas de Salud y Desarrollo de la Comunidad y representantes de instituciones vinculadas a al tem\u00e1tica.<\/p>\n\n\n\n<figure class=\"wp-block-image size-large\"><img data-recalc-dims=\"1\" loading=\"lazy\" decoding=\"async\" width=\"800\" height=\"502\" src=\"https:\/\/i0.wp.com\/cdnoticias.com\/wp-content\/uploads\/2025\/03\/jornada-consumos-problematicos-olavarria1.jpeg?resize=800%2C502&#038;ssl=1\" alt=\"\" class=\"wp-image-167053\" srcset=\"https:\/\/i0.wp.com\/cdnoticias.com\/wp-content\/uploads\/2025\/03\/jornada-consumos-problematicos-olavarria1.jpeg?resize=1024%2C643&amp;ssl=1 1024w, https:\/\/i0.wp.com\/cdnoticias.com\/wp-content\/uploads\/2025\/03\/jornada-consumos-problematicos-olavarria1.jpeg?resize=300%2C188&amp;ssl=1 300w, https:\/\/i0.wp.com\/cdnoticias.com\/wp-content\/uploads\/2025\/03\/jornada-consumos-problematicos-olavarria1.jpeg?resize=768%2C482&amp;ssl=1 768w, https:\/\/i0.wp.com\/cdnoticias.com\/wp-content\/uploads\/2025\/03\/jornada-consumos-problematicos-olavarria1.jpeg?resize=1536%2C964&amp;ssl=1 1536w, https:\/\/i0.wp.com\/cdnoticias.com\/wp-content\/uploads\/2025\/03\/jornada-consumos-problematicos-olavarria1.jpeg?w=1600&amp;ssl=1 1600w\" sizes=\"auto, (max-width: 800px) 100vw, 800px\" \/><\/figure>\n\n\n\n<p><em>\u201cNosotros desde el a\u00f1o pasado comenzamos a trabajar con una propuesta que nos hizo llegar Cristian (Delpiani), un diagn\u00f3stico pormenorizado, muy acabado,\u00a0 que coordinamos con la Secretar\u00eda de Desarrollo con la Comunidad, para tener un diagn\u00f3stico territorial que nos permita un punto de inicio de esto que vamos a llevar adelante, que comienza hoy pero que sin lugar a dudas tiene otras acciones para poder abordar de manera integral algo que nos atraviesa, que nos ocupa, porque nos preocupa como lo es el tema de consumos problem\u00e1ticos\u201d<\/em> expres\u00f3 el Intendente en sus palabras de bienvenida.<\/p>\n\n\n\n<p><em><strong>\u201cPor eso la articulaci\u00f3n con Salud Mental, con el Ministerio de Salud de la provincia de Buenos Aires, en permanente contacto con Regi\u00f3n Sanitaria IX y quienes estamos ac\u00e1, necesitamos herramientas para la primera acci\u00f3n, para el primer acompa\u00f1amiento, para la detecci\u00f3n, porque somos un gran equipo municipal que estamos en permanente contacto sabiendo o no, con situaciones de consumo problem\u00e1tico que si las detectamos a tiempo es mucho m\u00e1s f\u00e1cil el abordaje para la persona, con la familia\u201d<\/strong><\/em> destac\u00f3 Wesner.<\/p>\n\n\n\n<figure class=\"wp-block-image size-large\"><img data-recalc-dims=\"1\" loading=\"lazy\" decoding=\"async\" width=\"800\" height=\"516\" src=\"https:\/\/i0.wp.com\/cdnoticias.com\/wp-content\/uploads\/2025\/03\/jornada-consumos-problematicos-olavarria4.jpeg?resize=800%2C516&#038;ssl=1\" alt=\"\" class=\"wp-image-167050\" srcset=\"https:\/\/i0.wp.com\/cdnoticias.com\/wp-content\/uploads\/2025\/03\/jornada-consumos-problematicos-olavarria4.jpeg?resize=1024%2C660&amp;ssl=1 1024w, https:\/\/i0.wp.com\/cdnoticias.com\/wp-content\/uploads\/2025\/03\/jornada-consumos-problematicos-olavarria4.jpeg?resize=300%2C194&amp;ssl=1 300w, https:\/\/i0.wp.com\/cdnoticias.com\/wp-content\/uploads\/2025\/03\/jornada-consumos-problematicos-olavarria4.jpeg?resize=768%2C495&amp;ssl=1 768w, https:\/\/i0.wp.com\/cdnoticias.com\/wp-content\/uploads\/2025\/03\/jornada-consumos-problematicos-olavarria4.jpeg?resize=1536%2C991&amp;ssl=1 1536w, https:\/\/i0.wp.com\/cdnoticias.com\/wp-content\/uploads\/2025\/03\/jornada-consumos-problematicos-olavarria4.jpeg?w=1600&amp;ssl=1 1600w\" sizes=\"auto, (max-width: 800px) 100vw, 800px\" \/><\/figure>\n\n\n\n<p>Por su parte, Cristian Delpiani dio a conocer las tres instancias planteadas en relaci\u00f3n al presente abordaje<em><strong>. \u201cEnfocamos este diagn\u00f3stico \u2013 que nos llev\u00f3 algo m\u00e1s de dos meses \u2013 primero pensando que era importante poder entrevistarse con la mayor\u00eda de los actores vinculados, de una u otra manera, a cuestiones de atenci\u00f3n, intervenci\u00f3n, seguimiento, contenci\u00f3n, conocimiento de los consumos problem\u00e1ticos\u201d<\/strong><\/em>. En este sentido, <em>\u201chubo un espacio fundamental, donde una problem\u00e1tica compleja como es la que nos convoca hoy, empez\u00f3 a tener visibilidad y voz, que son las mesas de gesti\u00f3n territorial. Vendr\u00e1n otros espacios de capacitaci\u00f3n m\u00e1s acotados y espec\u00edficos en una segunda instancia, y despu\u00e9s hay otra l\u00ednea de acci\u00f3n que estamos trabajando que es la conformaci\u00f3n de este equipo interdisciplinario, que tendr\u00e1 a mediano plazo la posibilidad de constituirse como un equipo que orbite los territorios y las localidades y que pueda ser un nexo m\u00e1s entre el territorio, las organizaciones, y efectores de salud y desarrollo de la comunidad\u201d.<\/em><\/p>\n\n\n\n<p>Al respecto,<strong> el director provincial Mariano Rey <\/strong>resalt\u00f3 que<em> \u201cse trata de la caracterizaci\u00f3n de un fen\u00f3meno que es complejo y que no s\u00f3lo tiene que ver con salud, sino que responde a un trabajo interdisciplinario. Cuando hablamos de consumos problem\u00e1ticos hablamos de lo que no sabemos c\u00f3mo encarar, hasta d\u00f3nde intervenir, hacia d\u00f3nde acudir ni con qui\u00e9n contar cuando los papeles se nos agotan de lo que suponemos que sabemos\u201d <\/em>consider\u00f3 Rey.<\/p>\n\n\n\n<blockquote class=\"wp-block-quote is-layout-flow wp-block-quote-is-layout-flow\">\n<p>\u201cNosotros como Estado tenemos que ocuparnos primero en construir igualdad de oportunidades y avanzar a partir de all\u00ed. Ese es el desaf\u00edo que tenemos como Estado Provincial desde el minuto uno, y en este sentido el Municipio de Olavarr\u00eda participa activamente de la discusi\u00f3n y de las propuestas. Esto la verdad que se celebra\u201d subray\u00f3 el funcionario provincial.<\/p>\n<\/blockquote>\n\n\n\n<p><em>\u201cEl consumo problem\u00e1tico, lo podr\u00e1n ratificar aquellas personas que vienen del campo de la salud mental, pueden ser la puerta de entrada a armar nuevos manicomios: l\u00f3gicas de encierro donde, si no tenemos nada de ofrecer desde el afuera,<strong> s\u00f3lo tenemos es el encierro como oportunidad y como respuesta. Y el encierro est\u00e1 por dem\u00e1s sabido que no cura. No permite reconducir a una persona hacia un proyecto vital nuevo. Esto no significa que en algunos casos no sea importante lograr una intervenci\u00f3n oportuna, lograr algo que permita reorganizar para poder desde ah\u00ed pensar una vida en la comunidad. As\u00ed trabajamos sobre el abordaje de consumos problem\u00e1ticos. Abramos la palabra.<\/strong> Much\u00edsimas gracias\u201d<\/em> finaliz\u00f3 Rey.<\/p>\n\n\n\n<figure class=\"wp-block-image size-large\"><img data-recalc-dims=\"1\" loading=\"lazy\" decoding=\"async\" width=\"800\" height=\"533\" src=\"https:\/\/i0.wp.com\/cdnoticias.com\/wp-content\/uploads\/2025\/03\/jornada-consumos-problematicos-olavarria5.jpeg?resize=800%2C533&#038;ssl=1\" alt=\"\" class=\"wp-image-167049\" srcset=\"https:\/\/i0.wp.com\/cdnoticias.com\/wp-content\/uploads\/2025\/03\/jornada-consumos-problematicos-olavarria5.jpeg?resize=1024%2C682&amp;ssl=1 1024w, https:\/\/i0.wp.com\/cdnoticias.com\/wp-content\/uploads\/2025\/03\/jornada-consumos-problematicos-olavarria5.jpeg?resize=300%2C200&amp;ssl=1 300w, https:\/\/i0.wp.com\/cdnoticias.com\/wp-content\/uploads\/2025\/03\/jornada-consumos-problematicos-olavarria5.jpeg?resize=768%2C512&amp;ssl=1 768w, https:\/\/i0.wp.com\/cdnoticias.com\/wp-content\/uploads\/2025\/03\/jornada-consumos-problematicos-olavarria5.jpeg?resize=1536%2C1023&amp;ssl=1 1536w, https:\/\/i0.wp.com\/cdnoticias.com\/wp-content\/uploads\/2025\/03\/jornada-consumos-problematicos-olavarria5.jpeg?resize=272%2C182&amp;ssl=1 272w, https:\/\/i0.wp.com\/cdnoticias.com\/wp-content\/uploads\/2025\/03\/jornada-consumos-problematicos-olavarria5.jpeg?w=1600&amp;ssl=1 1600w\" sizes=\"auto, (max-width: 800px) 100vw, 800px\" \/><\/figure>\n\n\n\n<p><strong>La atenci\u00f3n integral de las personas con consumos problem\u00e1ticos de sustancias representa un gran desaf\u00edo para el sistema de salud.<\/strong> Con frecuencia, las personas recurren a los servicios de salud para encontrar respuestas ante estas situaciones pero algunas veces, no encuentran en el sistema sanitario una respuesta adecuada a las problem\u00e1ticas que manifiestan, tanto por dificultades en el acceso como en la continuidad de cuidados. En este sentido, resulta fundamental repensar los modos y estrategias de cuidado y atenci\u00f3n a fin de adecuarlos a las necesidades de las personas y al car\u00e1cter din\u00e1mico e hist\u00f3rico de las problem\u00e1ticas de consumo, para lograr sistemas m\u00e1s flexibles, sensibles y capaces de rever tambi\u00e9n los propios prejuicios que atraviesan al personal y equipos que sostienen los sistemas de salud -revisando tambi\u00e9n el dise\u00f1o de los dispositivos y sus articulaciones- en busca de mejorar el acceso al derecho a la salud.<\/p>\n","protected":false},"excerpt":{"rendered":"<p>El intendente Maximiliano Wesner encabez\u00f3 el acto de apertura en el Sal\u00f3n Rivadavia. Est\u00e1 destinada a personal municipal de distintas<\/p>\n","protected":false},"author":2,"featured_media":167051,"comment_status":"closed","ping_status":"closed","sticky":false,"template":"","format":"standard","meta":{"_jetpack_memberships_contains_paid_content":false,"footnotes":""},"categories":[5,1],"tags":[],"class_list":["post-167048","post","type-post","status-publish","format-standard","has-post-thumbnail","hentry","category-informacion-general","category-portada"],"jetpack_featured_media_url":"https:\/\/i0.wp.com\/cdnoticias.com\/wp-content\/uploads\/2025\/03\/jornada-consumos-problematicos-olavarria3.jpeg?fit=1600%2C1064&ssl=1","jetpack_sharing_enabled":true,"_links":{"self":[{"href":"https:\/\/cdnoticias.com\/index.php\/wp-json\/wp\/v2\/posts\/167048","targetHints":{"allow":["GET"]}}],"collection":[{"href":"https:\/\/cdnoticias.com\/index.php\/wp-json\/wp\/v2\/posts"}],"about":[{"href":"https:\/\/cdnoticias.com\/index.php\/wp-json\/wp\/v2\/types\/post"}],"author":[{"embeddable":true,"href":"https:\/\/cdnoticias.com\/index.php\/wp-json\/wp\/v2\/users\/2"}],"replies":[{"embeddable":true,"href":"https:\/\/cdnoticias.com\/index.php\/wp-json\/wp\/v2\/comments?post=167048"}],"version-history":[{"count":0,"href":"https:\/\/cdnoticias.com\/index.php\/wp-json\/wp\/v2\/posts\/167048\/revisions"}],"wp:featuredmedia":[{"embeddable":true,"href":"https:\/\/cdnoticias.com\/index.php\/wp-json\/wp\/v2\/media\/167051"}],"wp:attachment":[{"href":"https:\/\/cdnoticias.com\/index.php\/wp-json\/wp\/v2\/media?parent=167048"}],"wp:term":[{"taxonomy":"category","embeddable":true,"href":"https:\/\/cdnoticias.com\/index.php\/wp-json\/wp\/v2\/categories?post=167048"},{"taxonomy":"post_tag","embeddable":true,"href":"https:\/\/cdnoticias.com\/index.php\/wp-json\/wp\/v2\/tags?post=167048"}],"curies":[{"name":"wp","href":"https:\/\/api.w.org\/{rel}","templated":true}]}}