{"id":167023,"date":"2025-03-20T16:03:24","date_gmt":"2025-03-20T19:03:24","guid":{"rendered":"https:\/\/cdnoticias.com\/?p=167023"},"modified":"2025-03-20T16:03:29","modified_gmt":"2025-03-20T19:03:29","slug":"martin-endere-la-campora-se-niega-a-suspender-las-paso","status":"publish","type":"post","link":"https:\/\/cdnoticias.com\/index.php\/2025\/03\/20\/martin-endere-la-campora-se-niega-a-suspender-las-paso\/","title":{"rendered":"Mart\u00edn Endere: \u201cLa C\u00e1mpora se niega a suspender las PASO\u201d"},"content":{"rendered":"\n<p>As\u00ed lo expres\u00f3 el diputado provincial Mart\u00edn Endere tras la fallida sesi\u00f3n especial en Diputados.<\/p>\n\n\n\n<hr class=\"wp-block-separator has-alpha-channel-opacity\"\/>\n\n\n\n<p>El <strong>diputado provincial Mart\u00edn Endere<\/strong> se refiri\u00f3 a la fallida sesi\u00f3n de este jueves en la Honorable C\u00e1mara de Diputados de la provincia de Buenos Aires en la que <strong>se propon\u00eda la suspensi\u00f3n de las Primarias Abiertas Simult\u00e1neas y Obligatorias (PASO).<\/strong><\/p>\n\n\n\n<p><\/p>\n\n\n\n<p>\u201cProducto de una <strong>interna que mantiene el gobernador Axel Kicillof con Cristina Fern\u00e1ndez y La C\u00e1mpora <\/strong>no pudimos llevar adelante la sesi\u00f3n especial para suspender las PASO en la Provincia\u201d, indic\u00f3 el legislador olavarriense.<\/p>\n\n\n\n<p><\/p>\n\n\n\n<p>Asimismo, el propio Endere manifest\u00f3: \u201ces muy preocupante que una interna partidaria termine complicando la vida diaria de nuestros vecinos.<strong> El Gobernador solicit\u00f3 en la apertura de sesiones la suspensi\u00f3n de las PASO y desde el PRO se present\u00f3 un proyecto en este sentido<\/strong>\u201d.<\/p>\n\n\n\n<p><\/p>\n\n\n\n<blockquote class=\"wp-block-quote is-layout-flow wp-block-quote-is-layout-flow\">\n<p>\u201cNecesitamos que los recursos que se destinan a la ejecuci\u00f3n de las PASO sean destinados a atender prioridades como los vecinos de Bah\u00eda Blanca, la salud, la educaci\u00f3n o la seguridad de los bonaerenses\u201d, agreg\u00f3.<\/p>\n<\/blockquote>\n\n\n\n<p><\/p>\n\n\n\n<p>Adem\u00e1s, el Diputado consider\u00f3 que \u201c<strong>finalmente las PASO van a terminar suspendi\u00e9ndose porque los dirigentes del oficialismo no pueden vivir en un mundo paralelo<\/strong> sin atender las necesidades de los vecinos que no quieren m\u00e1s complicaciones en su vida\u201d.<\/p>\n\n\n\n<p><\/p>\n\n\n\n<p>\u201cLas ambiciones personales y especulativas de ciertos espacios pol\u00edticos no hacen m\u00e1s que alejar a la pol\u00edtica de los ciudadanos y no es una buena se\u00f1al para nuestra democracia&#8221;, finaliz\u00f3 Endere.<\/p>\n","protected":false},"excerpt":{"rendered":"<p>As\u00ed lo expres\u00f3 el diputado provincial Mart\u00edn Endere tras la fallida sesi\u00f3n especial en Diputados. El diputado provincial Mart\u00edn Endere<\/p>\n","protected":false},"author":5,"featured_media":167024,"comment_status":"closed","ping_status":"closed","sticky":false,"template":"","format":"standard","meta":{"_jetpack_memberships_contains_paid_content":false,"footnotes":""},"categories":[4,1],"tags":[],"class_list":["post-167023","post","type-post","status-publish","format-standard","has-post-thumbnail","hentry","category-politica","category-portada"],"jetpack_featured_media_url":"https:\/\/i0.wp.com\/cdnoticias.com\/wp-content\/uploads\/2025\/03\/WhatsApp-Image-2025-03-20-at-12.39.53-PM.jpeg?fit=1600%2C1065&ssl=1","jetpack_sharing_enabled":true,"_links":{"self":[{"href":"https:\/\/cdnoticias.com\/index.php\/wp-json\/wp\/v2\/posts\/167023","targetHints":{"allow":["GET"]}}],"collection":[{"href":"https:\/\/cdnoticias.com\/index.php\/wp-json\/wp\/v2\/posts"}],"about":[{"href":"https:\/\/cdnoticias.com\/index.php\/wp-json\/wp\/v2\/types\/post"}],"author":[{"embeddable":true,"href":"https:\/\/cdnoticias.com\/index.php\/wp-json\/wp\/v2\/users\/5"}],"replies":[{"embeddable":true,"href":"https:\/\/cdnoticias.com\/index.php\/wp-json\/wp\/v2\/comments?post=167023"}],"version-history":[{"count":0,"href":"https:\/\/cdnoticias.com\/index.php\/wp-json\/wp\/v2\/posts\/167023\/revisions"}],"wp:featuredmedia":[{"embeddable":true,"href":"https:\/\/cdnoticias.com\/index.php\/wp-json\/wp\/v2\/media\/167024"}],"wp:attachment":[{"href":"https:\/\/cdnoticias.com\/index.php\/wp-json\/wp\/v2\/media?parent=167023"}],"wp:term":[{"taxonomy":"category","embeddable":true,"href":"https:\/\/cdnoticias.com\/index.php\/wp-json\/wp\/v2\/categories?post=167023"},{"taxonomy":"post_tag","embeddable":true,"href":"https:\/\/cdnoticias.com\/index.php\/wp-json\/wp\/v2\/tags?post=167023"}],"curies":[{"name":"wp","href":"https:\/\/api.w.org\/{rel}","templated":true}]}}