{"id":166992,"date":"2025-03-19T19:37:56","date_gmt":"2025-03-19T22:37:56","guid":{"rendered":"https:\/\/cdnoticias.com\/?p=166992"},"modified":"2025-03-20T08:28:13","modified_gmt":"2025-03-20T11:28:13","slug":"chau-horario-de-verano-el-banco-provincia-vuelve-a-atender-de-10-a-15","status":"publish","type":"post","link":"https:\/\/cdnoticias.com\/index.php\/2025\/03\/19\/chau-horario-de-verano-el-banco-provincia-vuelve-a-atender-de-10-a-15\/","title":{"rendered":"Chau horario de verano: el Banco Provincia vuelve a atender de 10 a 15"},"content":{"rendered":"\n<p>Ser\u00e1 desde el martes 25 de marzo. As\u00ed, se unifican los horarios en las 420 sucursales que la banca p\u00fablica tiene en todo el territorio bonaerense.<\/p>\n\n\n\n<hr class=\"wp-block-separator aligncenter has-alpha-channel-opacity\"\/>\n\n\n\n<p>Termina la estaci\u00f3n m\u00e1s calurosa y <strong>los bancos despiden al horario de atenci\u00f3n de verano,<\/strong> establecido en diciembre del a\u00f1o pasado.\u00a0<\/p>\n\n\n\n<p><\/p>\n\n\n\n<p>As\u00ed lo comunic\u00f3 el Banco Provincia de Buenos Aires, que de este modo<strong> volver\u00e1 a atender al p\u00fablico de 10 a 15 a partir del martes 25 de marzo.<\/strong><\/p>\n\n\n\n<p><\/p>\n\n\n\n<blockquote class=\"wp-block-quote is-layout-flow wp-block-quote-is-layout-flow\">\n<p>En un comunicado, el Bapro afirma: \u201cTras el fin del horario de verano que comenz\u00f3 en diciembre \u00faltimo, las entidades financieras abrir\u00e1n desde el martes 25 de marzo en el horario habitual de 10 a 15 horas en todo el territorio provincial. De esta manera, Banco Provincia unifica la atenci\u00f3n en sus 420 sucursales\u201d.<\/p>\n<\/blockquote>\n\n\n\n<p><\/p>\n\n\n\n<p>La entidad recuerda que \u201c<strong>el cambio de horario no generar\u00e1 modificaci\u00f3n en los turnos asignados, ya que los pedidos del 25 de marzo en adelante fueron otorgados de acuerdo con la franja de 10 a 15 horas\u201d.<\/strong><\/p>\n\n\n\n<p><\/p>\n\n\n\n<p>El horario de verano se hab\u00eda establecido el <strong>9 de diciembre \u00faltimo<\/strong> a trav\u00e9s de un decreto del Poder Ejecutivo bonaerense, que dispuso la apertura de los bancos entre las 8 y las 13 en 108 distritos del interior de la provincia hasta el 25 de marzo.<\/p>\n\n\n\n<p><\/p>\n\n\n\n<p><em>\u201cLa medida fue de aplicaci\u00f3n exclusiva en los distritos que se adhirieron a esta resoluci\u00f3n oficial del Gobierno provincial, ideada para cuidar a las personas de la exposici\u00f3n a las altas temperaturas veraniegas\u201d, <\/em>reconocieron desde la banca bonaerense.<\/p>\n\n\n\n<p><\/p>\n\n\n\n<p><em>Fuente: DIB\u00a0<\/em><\/p>\n","protected":false},"excerpt":{"rendered":"<p>Ser\u00e1 desde el martes 25 de marzo. As\u00ed, se unifican los horarios en las 420 sucursales que la banca p\u00fablica<\/p>\n","protected":false},"author":6,"featured_media":17852,"comment_status":"closed","ping_status":"closed","sticky":false,"template":"","format":"standard","meta":{"_jetpack_memberships_contains_paid_content":false,"footnotes":""},"categories":[5,1],"tags":[],"class_list":["post-166992","post","type-post","status-publish","format-standard","has-post-thumbnail","hentry","category-informacion-general","category-portada"],"jetpack_featured_media_url":"https:\/\/i0.wp.com\/cdnoticias.com\/wp-content\/uploads\/2021\/04\/banco-provincia-01.jpg?fit=800%2C445&ssl=1","jetpack_sharing_enabled":true,"_links":{"self":[{"href":"https:\/\/cdnoticias.com\/index.php\/wp-json\/wp\/v2\/posts\/166992","targetHints":{"allow":["GET"]}}],"collection":[{"href":"https:\/\/cdnoticias.com\/index.php\/wp-json\/wp\/v2\/posts"}],"about":[{"href":"https:\/\/cdnoticias.com\/index.php\/wp-json\/wp\/v2\/types\/post"}],"author":[{"embeddable":true,"href":"https:\/\/cdnoticias.com\/index.php\/wp-json\/wp\/v2\/users\/6"}],"replies":[{"embeddable":true,"href":"https:\/\/cdnoticias.com\/index.php\/wp-json\/wp\/v2\/comments?post=166992"}],"version-history":[{"count":0,"href":"https:\/\/cdnoticias.com\/index.php\/wp-json\/wp\/v2\/posts\/166992\/revisions"}],"wp:featuredmedia":[{"embeddable":true,"href":"https:\/\/cdnoticias.com\/index.php\/wp-json\/wp\/v2\/media\/17852"}],"wp:attachment":[{"href":"https:\/\/cdnoticias.com\/index.php\/wp-json\/wp\/v2\/media?parent=166992"}],"wp:term":[{"taxonomy":"category","embeddable":true,"href":"https:\/\/cdnoticias.com\/index.php\/wp-json\/wp\/v2\/categories?post=166992"},{"taxonomy":"post_tag","embeddable":true,"href":"https:\/\/cdnoticias.com\/index.php\/wp-json\/wp\/v2\/tags?post=166992"}],"curies":[{"name":"wp","href":"https:\/\/api.w.org\/{rel}","templated":true}]}}