{"id":16698,"date":"2021-03-20T13:17:05","date_gmt":"2021-03-20T16:17:05","guid":{"rendered":"http:\/\/www.centraldenoticias.com.ar\/?p=16698"},"modified":"2021-03-20T16:52:18","modified_gmt":"2021-03-20T19:52:18","slug":"dieron-a-conocer-las-actividades-por-la-semana-de-la-memoria","status":"publish","type":"post","link":"https:\/\/cdnoticias.com\/index.php\/2021\/03\/20\/dieron-a-conocer-las-actividades-por-la-semana-de-la-memoria\/","title":{"rendered":"Dieron a conocer las actividades por la Semana de la Memoria"},"content":{"rendered":"<p>Se iniciar\u00e1n este lunes y se convoca tanto a establecimientos educativos como sindicatos, entidades e instituciones a ser parte.<!--more--><\/p>\n<hr \/>\n<p>A partir de la jornada de este lunes dar\u00e1n inicio numerosas actividades enmarcadas en la Semana de la Memoria, todo <strong>en conmemoraci\u00f3n de los 45 a\u00f1os del inicio de la dictadura C\u00edvico Militar.<\/strong><\/p>\n<p>&nbsp;<\/p>\n<p>\u201cDurante el Mes de la Memoria la Red por la Identidad de Abuelas, el Suteba Olavarr\u00eda y la Comisi\u00f3n por la Memoria de Olavarr\u00eda adhieren a la campa\u00f1a nacional <a href=\"https:\/\/cdnoticias.com\/index.php\/2021\/03\/19\/la-agencia-comunica-se-suma-a-plantar-memoria\/\" target=\"_blank\" rel=\"noopener\">\u2018Plantamos Memoria. 30.000 \u00e1rboles en todo el territorio nacional\u2019<\/a> impulsada por los organismos de DDHH nacionales en per\u00edodo de pandemia y respetando los protocolos del DISPO\u201d, se enfatiz\u00f3 desde la Comisi\u00f3n por la Memoria en un comunicado enviado este s\u00e1bado.<\/p>\n<p>&nbsp;<\/p>\n<p><img data-recalc-dims=\"1\" loading=\"lazy\" decoding=\"async\" class=\"alignnone size-large wp-image-16588\" src=\"https:\/\/i0.wp.com\/cdnoticias.com\/wp-content\/uploads\/2021\/03\/01-Placa-consigna-Campana-Plantamos-Memoria.jpg?resize=800%2C450&#038;ssl=1\" alt=\"\" width=\"800\" height=\"450\" srcset=\"https:\/\/i0.wp.com\/cdnoticias.com\/wp-content\/uploads\/2021\/03\/01-Placa-consigna-Campana-Plantamos-Memoria.jpg?resize=1024%2C576&amp;ssl=1 1024w, https:\/\/i0.wp.com\/cdnoticias.com\/wp-content\/uploads\/2021\/03\/01-Placa-consigna-Campana-Plantamos-Memoria.jpg?resize=300%2C169&amp;ssl=1 300w, https:\/\/i0.wp.com\/cdnoticias.com\/wp-content\/uploads\/2021\/03\/01-Placa-consigna-Campana-Plantamos-Memoria.jpg?resize=768%2C432&amp;ssl=1 768w, https:\/\/i0.wp.com\/cdnoticias.com\/wp-content\/uploads\/2021\/03\/01-Placa-consigna-Campana-Plantamos-Memoria.jpg?w=1200&amp;ssl=1 1200w\" sizes=\"auto, (max-width: 800px) 100vw, 800px\" \/><\/p>\n<p>&nbsp;<\/p>\n<p>Seg\u00fan se a\u00f1adi\u00f3, en el pr\u00f3ximo mes de Mayo la Municipalidad repondr\u00e1 los 23 \u00e1rboles faltantes en el Parque de la Memoria. <strong>\u201cSer\u00e1n en total 37, uno por cada desaparecida y desaparecido denunciados en Olavarr\u00eda\u201d, se enfatiz\u00f3.<\/strong><\/p>\n<p>&nbsp;<\/p>\n<p>Adem\u00e1s, <strong>se convoc\u00f3 a participar a universidades, escuelas primarias y secundarias, barrios, sindicatos, organizaciones sociales, autoridades y todas aquellas instituciones y personas que deseen sumarse.<\/strong><\/p>\n<p>&nbsp;<\/p>\n<p><img data-recalc-dims=\"1\" loading=\"lazy\" decoding=\"async\" class=\"alignnone size-large wp-image-16699\" src=\"https:\/\/i0.wp.com\/cdnoticias.com\/wp-content\/uploads\/2021\/03\/158915793_2838822713047238_5015917534283668112_o.jpg?resize=800%2C763&#038;ssl=1\" alt=\"\" width=\"800\" height=\"763\" srcset=\"https:\/\/i0.wp.com\/cdnoticias.com\/wp-content\/uploads\/2021\/03\/158915793_2838822713047238_5015917534283668112_o.jpg?resize=1024%2C976&amp;ssl=1 1024w, https:\/\/i0.wp.com\/cdnoticias.com\/wp-content\/uploads\/2021\/03\/158915793_2838822713047238_5015917534283668112_o.jpg?resize=300%2C286&amp;ssl=1 300w, https:\/\/i0.wp.com\/cdnoticias.com\/wp-content\/uploads\/2021\/03\/158915793_2838822713047238_5015917534283668112_o.jpg?resize=768%2C732&amp;ssl=1 768w, https:\/\/i0.wp.com\/cdnoticias.com\/wp-content\/uploads\/2021\/03\/158915793_2838822713047238_5015917534283668112_o.jpg?w=1280&amp;ssl=1 1280w\" sizes=\"auto, (max-width: 800px) 100vw, 800px\" \/><\/p>\n<p>&nbsp;<\/p>\n<p>Por otra parte, tambi\u00e9n se difundi\u00f3 <strong>el cronograma completo de la Semana de la Memoria<\/strong>, que se iniciar\u00e1 este lunes con una exposici\u00f3n de Muestras Itinerantes pertenecientes del Museo de Arte y Memoria \/ Comisi\u00f3n por la Memoria, en una actividad organizada de manera conjunta por las Facultades de Sociales e Ingenier\u00eda de Unicen.<\/p>\n<p>&nbsp;<\/p>\n<ul>\n<li><strong>\u00abBuena Memoria\u00bb<\/strong>. En Mutual Carlos Moreno en articulaci\u00f3n con SUTEBA.<\/li>\n<\/ul>\n<p>&nbsp;<\/p>\n<ul>\n<li><strong>\u00abPaisajes de la Memoria\u00bb<\/strong>. En el Centro Cultural San Jos\u00e9, a las 19 hs. Inauguraci\u00f3n: palabras de Carmelo Vinci (Comisi\u00f3n por la Memoria y graduado FIO), presentaci\u00f3n del Coro Universitario, dirigido por Juan Loza.<\/li>\n<\/ul>\n<p>&nbsp;<\/p>\n<ul>\n<li><strong>\u00abHistorietas por la Identidad\u00bb<\/strong>. En la Escuela Fray Mamerto Esqui\u00fa.<\/li>\n<\/ul>\n<p>&nbsp;<\/p>\n<p><em><strong>Lunes 22 de marzo<\/strong><\/em><\/p>\n<p>11hs. Presentaci\u00f3n del Mapa Regional de la Memoria a cargo de la UNICEN.<\/p>\n<p>&nbsp;<\/p>\n<p><em><strong>Martes 23 de marzo<\/strong><\/em><\/p>\n<p>&nbsp;<\/p>\n<p>14hs. Se<strong> plantar\u00e1n \u00e1rboles en el Sendero de la Memoria del Complejo Universitario<\/strong>, en el marco de la Campa\u00f1a \u00abPlantamos Memoria\u00bb.<\/p>\n<p>Organiza Agencia Comunica FACSO. (Av. Del Valle 5747)<\/p>\n<p>&nbsp;<\/p>\n<p>16hs. <strong>Inauguraci\u00f3n de la sede de la Delegaci\u00f3n Olavarr\u00eda de la Subsecretar\u00eda de Derechos Humanos de la Provincia de Buenos Aires<\/strong>.<\/p>\n<p>Avda. Pringles 3189. 1\u00ba piso (Terminal de \u00f3mnibus de Olavarr\u00eda)<\/p>\n<p>Organiza: Subsecretar\u00eda de Derechos Humanos de la Provincia de Buenos Aires.<\/p>\n<p>&nbsp;<\/p>\n<p><img data-recalc-dims=\"1\" loading=\"lazy\" decoding=\"async\" class=\"alignnone size-large wp-image-9782\" src=\"https:\/\/i0.wp.com\/cdnoticias.com\/wp-content\/uploads\/2020\/12\/Terminal-Omnibus-1024x678-1024x678.jpg?resize=800%2C530&#038;ssl=1\" alt=\"\" width=\"800\" height=\"530\" srcset=\"https:\/\/i0.wp.com\/cdnoticias.com\/wp-content\/uploads\/2020\/12\/Terminal-Omnibus-1024x678.jpg?resize=1024%2C678&amp;ssl=1 1024w, https:\/\/i0.wp.com\/cdnoticias.com\/wp-content\/uploads\/2020\/12\/Terminal-Omnibus-1024x678.jpg?resize=300%2C199&amp;ssl=1 300w, https:\/\/i0.wp.com\/cdnoticias.com\/wp-content\/uploads\/2020\/12\/Terminal-Omnibus-1024x678.jpg?resize=768%2C509&amp;ssl=1 768w\" sizes=\"auto, (max-width: 800px) 100vw, 800px\" \/><\/p>\n<p>&nbsp;<\/p>\n<p>Presentaci\u00f3n del <strong>\u201cInforme de la Memoria de Olavarr\u00eda\u201d<\/strong> corregido, en formato virtual.<\/p>\n<p>Organizan: Comisi\u00f3n por la Memoria de Olavarr\u00eda y la Subsecretar\u00eda de Derechos Humanos de la Provincia de Buenos Aires.<\/p>\n<p>&nbsp;<\/p>\n<p>18hs. <strong>Se\u00f1alizaci\u00f3n de la Comisaria Distrital 1\u00ba. Avda. Brown y Belgrano<\/strong><\/p>\n<p>Organizan: Comisi\u00f3n por la Memoria de Olavarr\u00eda y la Subsecretar\u00eda de Derechos Humanos de la Provincia de Buenos Aires.<\/p>\n<p>&nbsp;<\/p>\n<p><em><strong>Mi\u00e9rcoles 24 de marzo<\/strong><\/em><\/p>\n<p>&nbsp;<\/p>\n<p>10hs. <strong>Sesi\u00f3n del Honorable Concejo Deliberante de Olavarr\u00eda en el Espacio de Memoria del Ex CCD. Monte Pelloni.<\/strong><\/p>\n<p>&nbsp;<\/p>\n<p>13hs. Visitas al Ex CCD Monte Pelloni de j\u00f3venes de la ciudad de Tapalqu\u00e9.<\/p>\n<p>&nbsp;<\/p>\n<p><em><strong>Jueves 25 de marzo<\/strong><\/em><\/p>\n<p>&nbsp;<\/p>\n<p>Presentaci\u00f3n de producci\u00f3n audiovisual en el marco del Curso de Ingreso a la Vida Universitaria.<\/p>\n<p>Organiza Centro de Estudiantes FACSO.<\/p>\n<p>&nbsp;<\/p>\n<p>Presentaci\u00f3n de producci\u00f3n audiovisual en el marco de la Campa\u00f1a \u201cPlantamos Memoria\u201d. Programa de Educaci\u00f3n en Contextos de Encierro (PECE).<\/p>\n<p>&nbsp;<\/p>\n<p>12hs. En el marco de la campa\u00f1a \u201cPlantemos Memoria. 30.000 \u00e1rboles\u201d se plantar\u00e1 un jacarand\u00e1 en Avda. Pringles N*4375.<\/p>\n<p>Organiza: Facultad de Ciencias de la Salud UNICEN.<\/p>\n<p>&nbsp;<\/p>\n<p><em><strong>S\u00e1bado 27 de marzo<\/strong><\/em><\/p>\n<p>Visita de ciclistas en el Espacio de Memoria del Ex CCD. Monte Pelloni.<\/p>\n","protected":false},"excerpt":{"rendered":"<p>Se iniciar\u00e1n este lunes y se convoca tanto a establecimientos educativos como sindicatos, entidades e instituciones a ser parte.<\/p>\n","protected":false},"author":3,"featured_media":16700,"comment_status":"closed","ping_status":"closed","sticky":false,"template":"","format":"standard","meta":{"_jetpack_memberships_contains_paid_content":false,"footnotes":""},"categories":[5,1],"tags":[],"class_list":["post-16698","post","type-post","status-publish","format-standard","has-post-thumbnail","hentry","category-informacion-general","category-portada"],"jetpack_featured_media_url":"https:\/\/i0.wp.com\/cdnoticias.com\/wp-content\/uploads\/2021\/03\/12247880_1651353735127481_4488182413812287282_o.jpg?fit=2048%2C1536&ssl=1","jetpack_sharing_enabled":true,"_links":{"self":[{"href":"https:\/\/cdnoticias.com\/index.php\/wp-json\/wp\/v2\/posts\/16698","targetHints":{"allow":["GET"]}}],"collection":[{"href":"https:\/\/cdnoticias.com\/index.php\/wp-json\/wp\/v2\/posts"}],"about":[{"href":"https:\/\/cdnoticias.com\/index.php\/wp-json\/wp\/v2\/types\/post"}],"author":[{"embeddable":true,"href":"https:\/\/cdnoticias.com\/index.php\/wp-json\/wp\/v2\/users\/3"}],"replies":[{"embeddable":true,"href":"https:\/\/cdnoticias.com\/index.php\/wp-json\/wp\/v2\/comments?post=16698"}],"version-history":[{"count":0,"href":"https:\/\/cdnoticias.com\/index.php\/wp-json\/wp\/v2\/posts\/16698\/revisions"}],"wp:featuredmedia":[{"embeddable":true,"href":"https:\/\/cdnoticias.com\/index.php\/wp-json\/wp\/v2\/media\/16700"}],"wp:attachment":[{"href":"https:\/\/cdnoticias.com\/index.php\/wp-json\/wp\/v2\/media?parent=16698"}],"wp:term":[{"taxonomy":"category","embeddable":true,"href":"https:\/\/cdnoticias.com\/index.php\/wp-json\/wp\/v2\/categories?post=16698"},{"taxonomy":"post_tag","embeddable":true,"href":"https:\/\/cdnoticias.com\/index.php\/wp-json\/wp\/v2\/tags?post=16698"}],"curies":[{"name":"wp","href":"https:\/\/api.w.org\/{rel}","templated":true}]}}