{"id":166937,"date":"2025-03-19T08:53:14","date_gmt":"2025-03-19T11:53:14","guid":{"rendered":"https:\/\/cdnoticias.com\/?p=166937"},"modified":"2025-03-19T08:53:18","modified_gmt":"2025-03-19T11:53:18","slug":"alberto-adolfo-bulant-q-e-p-d","status":"publish","type":"post","link":"https:\/\/cdnoticias.com\/index.php\/2025\/03\/19\/alberto-adolfo-bulant-q-e-p-d\/","title":{"rendered":"Alberto Adolfo Bulant (Q.E.P.D.)"},"content":{"rendered":"\n<hr class=\"wp-block-separator aligncenter has-alpha-channel-opacity\"\/>\n\n\n\n<p>Falleci\u00f3 en Olavarr\u00eda el 19 de marzo de 2025 a los 92 a\u00f1os. Su esposa Elida Ana Ferreyra(f). Sus hijos Gustavo Adolfo y Javier Bulant. Sus hijos pol\u00edticos Sandra Fatima Torres y Rosana Osinaga. Sus nietos Ezequiel, Leandro, Kevin y Maite. Sus bisnietos Santiago y Joaquin, hermanos, sobrinos y dem\u00e1s familiares participan su fallecimiento.<\/p>\n\n\n\n<p>Sus restos ser\u00e1n velados este mi\u00e9rcoles 19 de marzo desde las 11:00 y hasta las 20:00 horas en la Sala de Espa\u00f1a 2942 departamento \u201cC\u201d y cremados en el Crematorio Pinos de Paz en d\u00eda y horario a confirmar. Servicio adherido a Coopelectric.&nbsp;<\/p>\n\n\n\n<p>Nacido en Olavarr\u00eda, actualmente vecino de Mariano Moreno pero oriundo de Loma Negra, jubilado de F\u00e1brica Loma Negra.<\/p>\n","protected":false},"excerpt":{"rendered":"<p>Falleci\u00f3 en Olavarr\u00eda el 19 de marzo de 2025 a los 92 a\u00f1os. Su esposa Elida Ana Ferreyra(f). Sus hijos<\/p>\n","protected":false},"author":2,"featured_media":100390,"comment_status":"closed","ping_status":"closed","sticky":false,"template":"","format":"standard","meta":{"_jetpack_memberships_contains_paid_content":false,"footnotes":""},"categories":[10],"tags":[],"class_list":["post-166937","post","type-post","status-publish","format-standard","has-post-thumbnail","hentry","category-necrologicas"],"jetpack_featured_media_url":"https:\/\/i0.wp.com\/cdnoticias.com\/wp-content\/uploads\/2023\/10\/necrologicas-390-x-240.jpg?fit=390%2C240&ssl=1","jetpack_sharing_enabled":true,"_links":{"self":[{"href":"https:\/\/cdnoticias.com\/index.php\/wp-json\/wp\/v2\/posts\/166937","targetHints":{"allow":["GET"]}}],"collection":[{"href":"https:\/\/cdnoticias.com\/index.php\/wp-json\/wp\/v2\/posts"}],"about":[{"href":"https:\/\/cdnoticias.com\/index.php\/wp-json\/wp\/v2\/types\/post"}],"author":[{"embeddable":true,"href":"https:\/\/cdnoticias.com\/index.php\/wp-json\/wp\/v2\/users\/2"}],"replies":[{"embeddable":true,"href":"https:\/\/cdnoticias.com\/index.php\/wp-json\/wp\/v2\/comments?post=166937"}],"version-history":[{"count":0,"href":"https:\/\/cdnoticias.com\/index.php\/wp-json\/wp\/v2\/posts\/166937\/revisions"}],"wp:featuredmedia":[{"embeddable":true,"href":"https:\/\/cdnoticias.com\/index.php\/wp-json\/wp\/v2\/media\/100390"}],"wp:attachment":[{"href":"https:\/\/cdnoticias.com\/index.php\/wp-json\/wp\/v2\/media?parent=166937"}],"wp:term":[{"taxonomy":"category","embeddable":true,"href":"https:\/\/cdnoticias.com\/index.php\/wp-json\/wp\/v2\/categories?post=166937"},{"taxonomy":"post_tag","embeddable":true,"href":"https:\/\/cdnoticias.com\/index.php\/wp-json\/wp\/v2\/tags?post=166937"}],"curies":[{"name":"wp","href":"https:\/\/api.w.org\/{rel}","templated":true}]}}