{"id":166924,"date":"2025-03-18T19:39:07","date_gmt":"2025-03-18T22:39:07","guid":{"rendered":"https:\/\/cdnoticias.com\/?p=166924"},"modified":"2025-03-18T19:39:11","modified_gmt":"2025-03-18T22:39:11","slug":"olavarrienses-participaran-de-la-seleccion-nacional-de-parkour","status":"publish","type":"post","link":"https:\/\/cdnoticias.com\/index.php\/2025\/03\/18\/olavarrienses-participaran-de-la-seleccion-nacional-de-parkour\/","title":{"rendered":"Olavarrienses participar\u00e1n de la Selecci\u00f3n Nacional de Parkour"},"content":{"rendered":"\n<p>Se trata de cuatro j\u00f3venes que formar\u00e1n parte del sudamericano en Colombia y el Panamericano en Panam\u00e1, en julio. Los deportistas locales necesitan apoyo econ\u00f3mico y buscan sponsors tanto p\u00fablicos como privados.<\/p>\n\n\n\n<hr class=\"wp-block-separator aligncenter has-alpha-channel-opacity\"\/>\n\n\n\n<p><strong>Cuatro deportistas del Club Naturalfit de Olavarr\u00eda fueron seleccionados por la Confederaci\u00f3n Argentina de Gimnasia para formar parte de la Selecci\u00f3n Argentina de Parkour <\/strong>y participar del Campeonato Sudamericano de Parkour, que se celebrar\u00e1 del <strong>23 al 28 de abril en Paipa, Colombia y del Campeonato Panamericano que se disputar\u00e1 en Panam\u00e1 del 1 al 5 de julio de este a\u00f1o.<\/strong><\/p>\n\n\n\n<blockquote class=\"wp-block-quote is-layout-flow wp-block-quote-is-layout-flow\">\n<p>Los cuatro seleccionados son Aldana Andes, \u00c1ngel Abid\u00edn, Trinidad Bilbao y Valent\u00edn Ben\u00edtez.<\/p>\n<\/blockquote>\n\n\n\n<p><em><strong>\u201cEs un orgullo para la ciudad que 4 de los 18 integrantes de la Selecci\u00f3n Nacional de Parkour sean olavarrienses, lo que demuestra el gran nivel y crecimiento de este deporte en nuestra comunidad\u201d <\/strong><\/em>indicaron tras conocerse la importante novedad.<\/p>\n\n\n\n<p><strong>El Parkour es una disciplina regulada por la FIG (Federaci\u00f3n Internacional de Gimnasia) y cuenta con tres modalidades de competencia: Freestyle, Speed (velocidad) y Skills<\/strong>. Cada una de ellas tiene una fase clasificatoria, de la cual solo los ocho mejores atletas avanzan a la final. Este deporte combina saltos, carreras y trucos.<\/p>\n\n\n\n<p>Cabe destacar que en los<strong> Juegos Ol\u00edmpicos de Los \u00c1ngeles 2028, el Parkour ser\u00e1 incorporado como disciplina ol\u00edmpica<\/strong>, lo que realza la importancia de estas competencias como instancias de desarrollo y crecimiento para los deportistas.<\/p>\n\n\n\n<p>Estos eventos son fundamentales para la proyecci\u00f3n del Parkour en Olavarr\u00eda y en el pa\u00eds.<strong> Para hacer realidad el sue\u00f1o de competir internacionalmente, los deportistas seleccionados necesitan apoyo econ\u00f3mico y buscan sponsors tanto p\u00fablicos como privados. Para ello, llevar\u00e1n adelante diversas propuestas con el fin de recaudar los fondos necesarios para representar a Argentina en estas competencias.<\/strong><\/p>\n\n\n\n<p><strong>Invitamos a la comunidad a sumarse y apoyar a nuestros talentosos atletas en este desaf\u00edo<\/strong>, contribuyendo a su preparaci\u00f3n y participaci\u00f3n en estos importantes torneos internacionales.<\/p>\n","protected":false},"excerpt":{"rendered":"<p>Se trata de cuatro j\u00f3venes que formar\u00e1n parte del sudamericano en Colombia y el Panamericano en Panam\u00e1, en julio. Los<\/p>\n","protected":false},"author":2,"featured_media":166925,"comment_status":"closed","ping_status":"closed","sticky":false,"template":"","format":"standard","meta":{"_jetpack_memberships_contains_paid_content":false,"footnotes":""},"categories":[29,30,1],"tags":[],"class_list":["post-166924","post","type-post","status-publish","format-standard","has-post-thumbnail","hentry","category-deportes","category-polideportivo","category-portada"],"jetpack_featured_media_url":"https:\/\/i0.wp.com\/cdnoticias.com\/wp-content\/uploads\/2025\/03\/WhatsApp-Image-2025-03-18-at-17.54.41.jpeg?fit=1280%2C751&ssl=1","jetpack_sharing_enabled":true,"_links":{"self":[{"href":"https:\/\/cdnoticias.com\/index.php\/wp-json\/wp\/v2\/posts\/166924","targetHints":{"allow":["GET"]}}],"collection":[{"href":"https:\/\/cdnoticias.com\/index.php\/wp-json\/wp\/v2\/posts"}],"about":[{"href":"https:\/\/cdnoticias.com\/index.php\/wp-json\/wp\/v2\/types\/post"}],"author":[{"embeddable":true,"href":"https:\/\/cdnoticias.com\/index.php\/wp-json\/wp\/v2\/users\/2"}],"replies":[{"embeddable":true,"href":"https:\/\/cdnoticias.com\/index.php\/wp-json\/wp\/v2\/comments?post=166924"}],"version-history":[{"count":0,"href":"https:\/\/cdnoticias.com\/index.php\/wp-json\/wp\/v2\/posts\/166924\/revisions"}],"wp:featuredmedia":[{"embeddable":true,"href":"https:\/\/cdnoticias.com\/index.php\/wp-json\/wp\/v2\/media\/166925"}],"wp:attachment":[{"href":"https:\/\/cdnoticias.com\/index.php\/wp-json\/wp\/v2\/media?parent=166924"}],"wp:term":[{"taxonomy":"category","embeddable":true,"href":"https:\/\/cdnoticias.com\/index.php\/wp-json\/wp\/v2\/categories?post=166924"},{"taxonomy":"post_tag","embeddable":true,"href":"https:\/\/cdnoticias.com\/index.php\/wp-json\/wp\/v2\/tags?post=166924"}],"curies":[{"name":"wp","href":"https:\/\/api.w.org\/{rel}","templated":true}]}}