{"id":166922,"date":"2025-03-18T19:11:56","date_gmt":"2025-03-18T22:11:56","guid":{"rendered":"https:\/\/cdnoticias.com\/?p=166922"},"modified":"2025-03-19T10:21:40","modified_gmt":"2025-03-19T13:21:40","slug":"movilizacion-por-jubilados-habra-una-marcha-en-olavarria-en-la-sede-de-pami","status":"publish","type":"post","link":"https:\/\/cdnoticias.com\/index.php\/2025\/03\/18\/movilizacion-por-jubilados-habra-una-marcha-en-olavarria-en-la-sede-de-pami\/","title":{"rendered":"Movilizaci\u00f3n por jubilados: habr\u00e1 una marcha en Olavarr\u00eda en la sede de PAMI"},"content":{"rendered":"\n<p>Ser\u00e1 este mi\u00e9rcoles a las 11:00 horas, en correlato a la movilizaci\u00f3n nacional en el Congreso de la Naci\u00f3n.<\/p>\n\n\n\n<hr class=\"wp-block-separator aligncenter has-alpha-channel-opacity\"\/>\n\n\n\n<p>Organizado por un <strong>grupo de jubilados autoconvocados, este mi\u00e9rcoles desde las 11:00 horas frente a la sede de PAMI local habr\u00e1 una movilizaci\u00f3n en consonancia con la protesta en Capital Federal,<\/strong> m\u00e1s precisamente el Congreso de la Naci\u00f3n.<\/p>\n\n\n\n<blockquote class=\"wp-block-quote is-layout-flow wp-block-quote-is-layout-flow\">\n<p>Buscan replicar, en Olavarr\u00eda, las quejas por los montos de las jubilaciones y adherir al reclamo que todos los mi\u00e9rcoles se realiza en Ciudad de Buenos Aires.<\/p>\n<\/blockquote>\n\n\n\n<p>Buscan <strong>evitar la liquidaci\u00f3n del Fondo de Garant\u00edas de Sustentabilidad de Anses, sumado a manifestarse nuevamente contra la quita de medicamentos<\/strong>.<\/p>\n\n\n\n<p>Se espera una importante movilizaci\u00f3n a nivel nacional, mucho m\u00e1s si se tiene en cuenta que el mi\u00e9rcoles pasado hubo una brutal represi\u00f3n que termin\u00f3 con m\u00e1s de un centenar de detenidos (luego liberados por falta de m\u00e9ritos) y un fot\u00f3grafo, Pablo Grillo, que pelea por su vida tras haber sido impactado en la cabeza por una granada de gas lacrim\u00f3geno.<\/p>\n","protected":false},"excerpt":{"rendered":"<p>Ser\u00e1 este mi\u00e9rcoles a las 11:00 horas, en correlato a la movilizaci\u00f3n nacional en el Congreso de la Naci\u00f3n. Organizado<\/p>\n","protected":false},"author":2,"featured_media":132336,"comment_status":"closed","ping_status":"closed","sticky":false,"template":"","format":"standard","meta":{"_jetpack_memberships_contains_paid_content":false,"footnotes":""},"categories":[5,1],"tags":[],"class_list":["post-166922","post","type-post","status-publish","format-standard","has-post-thumbnail","hentry","category-informacion-general","category-portada"],"jetpack_featured_media_url":"https:\/\/i0.wp.com\/cdnoticias.com\/wp-content\/uploads\/2024\/12\/pami-olavarria-colas-lu32.jpg?fit=1600%2C914&ssl=1","jetpack_sharing_enabled":true,"_links":{"self":[{"href":"https:\/\/cdnoticias.com\/index.php\/wp-json\/wp\/v2\/posts\/166922","targetHints":{"allow":["GET"]}}],"collection":[{"href":"https:\/\/cdnoticias.com\/index.php\/wp-json\/wp\/v2\/posts"}],"about":[{"href":"https:\/\/cdnoticias.com\/index.php\/wp-json\/wp\/v2\/types\/post"}],"author":[{"embeddable":true,"href":"https:\/\/cdnoticias.com\/index.php\/wp-json\/wp\/v2\/users\/2"}],"replies":[{"embeddable":true,"href":"https:\/\/cdnoticias.com\/index.php\/wp-json\/wp\/v2\/comments?post=166922"}],"version-history":[{"count":0,"href":"https:\/\/cdnoticias.com\/index.php\/wp-json\/wp\/v2\/posts\/166922\/revisions"}],"wp:featuredmedia":[{"embeddable":true,"href":"https:\/\/cdnoticias.com\/index.php\/wp-json\/wp\/v2\/media\/132336"}],"wp:attachment":[{"href":"https:\/\/cdnoticias.com\/index.php\/wp-json\/wp\/v2\/media?parent=166922"}],"wp:term":[{"taxonomy":"category","embeddable":true,"href":"https:\/\/cdnoticias.com\/index.php\/wp-json\/wp\/v2\/categories?post=166922"},{"taxonomy":"post_tag","embeddable":true,"href":"https:\/\/cdnoticias.com\/index.php\/wp-json\/wp\/v2\/tags?post=166922"}],"curies":[{"name":"wp","href":"https:\/\/api.w.org\/{rel}","templated":true}]}}