{"id":166877,"date":"2025-03-17T19:45:28","date_gmt":"2025-03-17T22:45:28","guid":{"rendered":"https:\/\/cdnoticias.com\/?p=166877"},"modified":"2025-03-17T19:45:32","modified_gmt":"2025-03-17T22:45:32","slug":"facon-lanza-nuevo-material-despues-de-20-anos","status":"publish","type":"post","link":"https:\/\/cdnoticias.com\/index.php\/2025\/03\/17\/facon-lanza-nuevo-material-despues-de-20-anos\/","title":{"rendered":"Fac\u00f3n lanza nuevo material despu\u00e9s de 20 a\u00f1os\u00a0"},"content":{"rendered":"\n<p>Adem\u00e1s, anunciaron la gira Ave F\u00e9nix 2025 que los llevar\u00e1 por distintas ciudades para presentar el nuevo material.\u00a0El 14 de junio se presentar\u00e1n en Olavarr\u00eda. <\/p>\n\n\n\n<hr class=\"wp-block-separator aligncenter has-alpha-channel-opacity\"\/>\n\n\n\n<p><strong>Fac\u00f3n, la banda oriunda de Azul <\/strong>que estuvo <a href=\"https:\/\/cdnoticias.com\/index.php\/2025\/03\/02\/un-sublime-skay-volvio-a-olavarria-y-brindo-un-gran-show-en-el-cemo\/\" target=\"_blank\" rel=\"noreferrer noopener\">recientemente acompa\u00f1ando a Skay Beilinson<\/a> en nuestra ciudad<strong> lanza nuevo material despu\u00e9s de 20 a\u00f1os.\u00a0<\/strong><\/p>\n\n\n\n<p><\/p>\n\n\n\n<p><strong><em>\u201cVengo desde el barro sin poder, vengo de las cosas sin lugar, vengo donde nadie puede m\u00e1s, vengo de morir y de matar\u201d;<\/em><\/strong> as\u00ed comienza \u201c<strong>Deshabit\u00e1ndome\u201d<\/strong>, el <strong>primer corte del nuevo disco.\u00a0<\/strong><\/p>\n\n\n\n<p><\/p>\n\n\n\n<figure class=\"wp-block-image aligncenter size-full\"><img data-recalc-dims=\"1\" loading=\"lazy\" decoding=\"async\" width=\"800\" height=\"450\" src=\"https:\/\/i0.wp.com\/cdnoticias.com\/wp-content\/uploads\/2025\/03\/facon-nuevo-disco-portada.jpg?resize=800%2C450&#038;ssl=1\" alt=\"\" class=\"wp-image-166878\" srcset=\"https:\/\/i0.wp.com\/cdnoticias.com\/wp-content\/uploads\/2025\/03\/facon-nuevo-disco-portada.jpg?w=900&amp;ssl=1 900w, https:\/\/i0.wp.com\/cdnoticias.com\/wp-content\/uploads\/2025\/03\/facon-nuevo-disco-portada.jpg?resize=300%2C169&amp;ssl=1 300w, https:\/\/i0.wp.com\/cdnoticias.com\/wp-content\/uploads\/2025\/03\/facon-nuevo-disco-portada.jpg?resize=768%2C432&amp;ssl=1 768w\" sizes=\"auto, (max-width: 800px) 100vw, 800px\" \/><\/figure>\n\n\n\n<p><\/p>\n\n\n\n<p>El material <strong>ya est\u00e1 disponible en Spotify y en todas las plataformas digitales<\/strong>. El primer corte fue grabado en Estudios Nakao de La Plata, que cuenta con la producci\u00f3n art\u00edstica del ingeniero y m\u00fasico juarense Ponche Abraham.<\/p>\n\n\n\n<p><\/p>\n\n\n\n<blockquote class=\"wp-block-quote is-layout-flow wp-block-quote-is-layout-flow\">\n<p>\u201cLa ra\u00edz del folclore latinoamericano y la impronta del rock aparecen intactas en esta producci\u00f3n, sumadas a una letra poderosa, descarnada. Prep\u00e1rense para poner el o\u00eddo y el coraz\u00f3n en este nuevo material\u201d expresaron desde la banda.<\/p>\n<\/blockquote>\n\n\n\n<p><\/p>\n\n\n\n<p>Fac\u00f3n est\u00e1 integrada por Pieri Salda\u00f1o en charango; Turco Chiodi en voz ,guitarras y composiciones; Ricky Rodr\u00edguez en viol\u00edn, trompeta, guitarras y voz; Agust\u00edn Scillione en bajo ,guitarra el\u00e9ctrica y coros; Vicente Chiodi en saxo tenor y clarinete y Berna Lupo en bater\u00eda ,bombo y coros.&nbsp;<\/p>\n\n\n\n<p><\/p>\n\n\n\n<p>Asimismo, <strong>comienza la gira Ave F\u00e9nix 2025 <\/strong>que los llevar\u00e1 por <strong>distintas ciudades presentando el nuevo material.\u00a0<\/strong>Mir\u00e1 el cronograma de la gira. <\/p>\n\n\n\n<p><\/p>\n\n\n\n<p class=\"has-medium-font-size\"><strong>Gira 2025<\/strong><\/p>\n\n\n\n<ul class=\"wp-block-list\">\n<li>29 DE MARZO- CENTRO FOLCLORICO EL SOMBRERITO &#8211; BENITO JUAREZ<\/li>\n<\/ul>\n\n\n\n<ul class=\"wp-block-list\">\n<li>26 DE ABRIL- CASA SUIZA- LA PLATA<\/li>\n<\/ul>\n\n\n\n<ul class=\"wp-block-list\">\n<li>8 DE MAYO &#8211; BROTHERS BAR -TANDIL<\/li>\n<\/ul>\n\n\n\n<ul class=\"wp-block-list\">\n<li>17 DE MAYO- FESTIVAL SAN HORACIO-AZUL<\/li>\n<\/ul>\n\n\n\n<ul class=\"wp-block-list\">\n<li><strong>14 DE JUNIO- CLUB LUZ Y FUERZA-OLAVARR\u00cdA<\/strong><\/li>\n<\/ul>\n\n\n\n<p><\/p>\n\n\n\n<p><\/p>\n\n\n\n<figure class=\"wp-block-embed is-type-rich is-provider-spotify wp-block-embed-spotify wp-embed-aspect-21-9 wp-has-aspect-ratio\"><div class=\"wp-block-embed__wrapper\">\n<iframe title=\"Spotify Embed: Deshabitandome\" style=\"border-radius: 12px\" width=\"100%\" height=\"152\" frameborder=\"0\" allowfullscreen allow=\"autoplay; clipboard-write; encrypted-media; fullscreen; picture-in-picture\" loading=\"lazy\" src=\"https:\/\/open.spotify.com\/embed\/track\/07ibsm8LrmNeF84aJJM1a5?si=1-z96E84Sq-yRQ5fCVPHPA&#038;utm_source=oembed\"><\/iframe>\n<\/div><\/figure>\n","protected":false},"excerpt":{"rendered":"<p>Adem\u00e1s, anunciaron la gira Ave F\u00e9nix 2025 que los llevar\u00e1 por distintas ciudades para presentar el nuevo material.\u00a0El 14 de<\/p>\n","protected":false},"author":6,"featured_media":120531,"comment_status":"closed","ping_status":"closed","sticky":false,"template":"","format":"standard","meta":{"_jetpack_memberships_contains_paid_content":false,"footnotes":""},"categories":[9,1],"tags":[],"class_list":["post-166877","post","type-post","status-publish","format-standard","has-post-thumbnail","hentry","category-cultura","category-portada"],"jetpack_featured_media_url":"https:\/\/i0.wp.com\/cdnoticias.com\/wp-content\/uploads\/2024\/07\/facon-banda.png?fit=889%2C467&ssl=1","jetpack_sharing_enabled":true,"_links":{"self":[{"href":"https:\/\/cdnoticias.com\/index.php\/wp-json\/wp\/v2\/posts\/166877","targetHints":{"allow":["GET"]}}],"collection":[{"href":"https:\/\/cdnoticias.com\/index.php\/wp-json\/wp\/v2\/posts"}],"about":[{"href":"https:\/\/cdnoticias.com\/index.php\/wp-json\/wp\/v2\/types\/post"}],"author":[{"embeddable":true,"href":"https:\/\/cdnoticias.com\/index.php\/wp-json\/wp\/v2\/users\/6"}],"replies":[{"embeddable":true,"href":"https:\/\/cdnoticias.com\/index.php\/wp-json\/wp\/v2\/comments?post=166877"}],"version-history":[{"count":0,"href":"https:\/\/cdnoticias.com\/index.php\/wp-json\/wp\/v2\/posts\/166877\/revisions"}],"wp:featuredmedia":[{"embeddable":true,"href":"https:\/\/cdnoticias.com\/index.php\/wp-json\/wp\/v2\/media\/120531"}],"wp:attachment":[{"href":"https:\/\/cdnoticias.com\/index.php\/wp-json\/wp\/v2\/media?parent=166877"}],"wp:term":[{"taxonomy":"category","embeddable":true,"href":"https:\/\/cdnoticias.com\/index.php\/wp-json\/wp\/v2\/categories?post=166877"},{"taxonomy":"post_tag","embeddable":true,"href":"https:\/\/cdnoticias.com\/index.php\/wp-json\/wp\/v2\/tags?post=166877"}],"curies":[{"name":"wp","href":"https:\/\/api.w.org\/{rel}","templated":true}]}}