{"id":166871,"date":"2025-03-17T20:07:09","date_gmt":"2025-03-17T23:07:09","guid":{"rendered":"https:\/\/cdnoticias.com\/?p=166871"},"modified":"2025-03-17T20:07:13","modified_gmt":"2025-03-17T23:07:13","slug":"secuestraron-una-moto-en-operativos-de-la-subsecretaria-de-proteccion-ciudadana","status":"publish","type":"post","link":"https:\/\/cdnoticias.com\/index.php\/2025\/03\/17\/secuestraron-una-moto-en-operativos-de-la-subsecretaria-de-proteccion-ciudadana\/","title":{"rendered":"Secuestraron una moto en operativos de la Subsecretar\u00eda de Protecci\u00f3n Ciudadana"},"content":{"rendered":"\n<p>Fue tras el despliegue con efectivos policiales en distintos puntos de la ciudad.<\/p>\n\n\n\n<hr class=\"wp-block-separator aligncenter has-alpha-channel-opacity\"\/>\n\n\n\n<p>El <strong>Municipio de Olavarr\u00eda, a trav\u00e9s de la Subsecretar\u00eda de Protecci\u00f3n Ciudadana, contin\u00faa con el despliegue de trabajos preventivos en distintos puntos de la ciudad y las localidades<\/strong>, en dispositivos de control que se realizan de manera conjunta con dependencias de la Polic\u00eda de la Provincia de Buenos Aires.<\/p>\n\n\n\n<p>Tal es as\u00ed que en las \u00faltimas horas pudieron verse despliegues de esta \u00edndole sobre<strong> avenida Ituzaing\u00f3 entre avenida De los Trabajadores y Fassina, como as\u00ed tambi\u00e9n en avenida Pueyrred\u00f3n entre La Rioja y Buenos Aires.<\/strong><\/p>\n\n\n\n<p>Se llev\u00f3 adelante la identificaci\u00f3n tanto de rodados como de ocupantes para establecer la posible vigencia del alg\u00fan impedimento o requerimiento legal, <strong>como as\u00ed tambi\u00e9n el cumplimiento de la Ley Nacional de Tr\u00e1nsito, con especial \u00e9nfasis en la presencia documentaci\u00f3n habilitante de conductores\/as y veh\u00edculos.<\/strong><\/p>\n\n\n\n<p>En ese marco,<strong> se llev\u00f3 a cabo el recogimiento de una motocicleta.<\/strong> Las actuaciones correspondientes fueron elevadas al Juzgado de Faltas Municipal.<\/p>\n","protected":false},"excerpt":{"rendered":"<p>Fue tras el despliegue con efectivos policiales en distintos puntos de la ciudad. El Municipio de Olavarr\u00eda, a trav\u00e9s de<\/p>\n","protected":false},"author":2,"featured_media":166872,"comment_status":"closed","ping_status":"closed","sticky":false,"template":"","format":"standard","meta":{"_jetpack_memberships_contains_paid_content":false,"footnotes":""},"categories":[14,1],"tags":[],"class_list":["post-166871","post","type-post","status-publish","format-standard","has-post-thumbnail","hentry","category-policiales","category-portada"],"jetpack_featured_media_url":"https:\/\/i0.wp.com\/cdnoticias.com\/wp-content\/uploads\/2025\/03\/WhatsApp-Image-2025-03-17-at-17.24.03.jpeg?fit=1024%2C576&ssl=1","jetpack_sharing_enabled":true,"_links":{"self":[{"href":"https:\/\/cdnoticias.com\/index.php\/wp-json\/wp\/v2\/posts\/166871","targetHints":{"allow":["GET"]}}],"collection":[{"href":"https:\/\/cdnoticias.com\/index.php\/wp-json\/wp\/v2\/posts"}],"about":[{"href":"https:\/\/cdnoticias.com\/index.php\/wp-json\/wp\/v2\/types\/post"}],"author":[{"embeddable":true,"href":"https:\/\/cdnoticias.com\/index.php\/wp-json\/wp\/v2\/users\/2"}],"replies":[{"embeddable":true,"href":"https:\/\/cdnoticias.com\/index.php\/wp-json\/wp\/v2\/comments?post=166871"}],"version-history":[{"count":0,"href":"https:\/\/cdnoticias.com\/index.php\/wp-json\/wp\/v2\/posts\/166871\/revisions"}],"wp:featuredmedia":[{"embeddable":true,"href":"https:\/\/cdnoticias.com\/index.php\/wp-json\/wp\/v2\/media\/166872"}],"wp:attachment":[{"href":"https:\/\/cdnoticias.com\/index.php\/wp-json\/wp\/v2\/media?parent=166871"}],"wp:term":[{"taxonomy":"category","embeddable":true,"href":"https:\/\/cdnoticias.com\/index.php\/wp-json\/wp\/v2\/categories?post=166871"},{"taxonomy":"post_tag","embeddable":true,"href":"https:\/\/cdnoticias.com\/index.php\/wp-json\/wp\/v2\/tags?post=166871"}],"curies":[{"name":"wp","href":"https:\/\/api.w.org\/{rel}","templated":true}]}}