{"id":166870,"date":"2025-03-17T20:01:31","date_gmt":"2025-03-17T23:01:31","guid":{"rendered":"https:\/\/cdnoticias.com\/?p=166870"},"modified":"2025-03-17T20:01:35","modified_gmt":"2025-03-17T23:01:35","slug":"sarampion-provincia-dispuso-una-dosis-de-refuerzo-ante-el-brote-actual","status":"publish","type":"post","link":"https:\/\/cdnoticias.com\/index.php\/2025\/03\/17\/sarampion-provincia-dispuso-una-dosis-de-refuerzo-ante-el-brote-actual\/","title":{"rendered":"Sarampi\u00f3n: Provincia dispuso una dosis de refuerzo ante el brote actual"},"content":{"rendered":"\n<p>El brote de sarampi\u00f3n generalmente ocurre cuando hay una disminuci\u00f3n en la tasa de vacunaci\u00f3n.<\/p>\n\n\n\n<hr class=\"wp-block-separator aligncenter has-alpha-channel-opacity\"\/>\n\n\n\n<p>El <strong>ministerio de Salud<\/strong> de la provincia de Buenos Aires inform\u00f3 a la poblaci\u00f3n que ante el <strong>brote actual de sarampi\u00f3n en el pa\u00eds y la regi\u00f3n,<\/strong> la <strong>vacuna es la \u00fanica manera efectiva de prevenir la enfermedad, <\/strong>por lo que es fundamental <strong>completar los esquemas.<\/strong><\/p>\n\n\n\n<p><\/p>\n\n\n\n<blockquote class=\"wp-block-quote is-layout-flow wp-block-quote-is-layout-flow\">\n<p>As\u00ed, ante esta situaci\u00f3n, para aquellos ni\u00f1os y ni\u00f1as de entre 6 meses y cuatro a\u00f1os que hayan estado en contacto con casos confirmados, la cartera sanitaria puso a disposici\u00f3n una dosis de vacuna de refuerzo. Su aplicaci\u00f3n es gratuita en los vacunatorios bonaerenses.<\/p>\n<\/blockquote>\n\n\n\n<p><\/p>\n\n\n\n<p>Quienes deseen acercarse a un vacunatorio o pedir informaci\u00f3n, pueden ingresar al siguiente link: <a href=\"http:\/\/www.gba.gob.ar\/vacunacion\/\">www.gba.gob.ar\/vacunacion\/<\/a>. El sarampi\u00f3n es una <strong>enfermedad viral muy contagiosa<\/strong> que <strong>puede ser grave para bebes, ni\u00f1as y ni\u00f1os peque\u00f1os y hasta provocar la muerte<\/strong>. <\/p>\n\n\n\n<p><\/p>\n\n\n\n<p>La <strong>vacuna es gratuita, no requiere orden m\u00e9dica<\/strong> y<strong> est\u00e1 en todos los vacunatorios de la provincia.<\/strong> El esquema completo de la triple viral, seg\u00fan el Calendario Nacional de Vacunaci\u00f3n, es el siguiente:<\/p>\n\n\n\n<ul class=\"wp-block-list\">\n<li>una dosis en ni\u00f1os y ni\u00f1as de 12 meses;<\/li>\n\n\n\n<li>segunda dosis a los 5 a\u00f1os.<\/li>\n<\/ul>\n\n\n\n<p><\/p>\n\n\n\n<h2 class=\"wp-block-heading\"><strong>Brote y prevenci\u00f3n<\/strong><\/h2>\n\n\n\n<p>El brote de sarampi\u00f3n generalmente ocurre cuando <strong>hay una disminuci\u00f3n en la tasa de vacunaci\u00f3n, <\/strong>ya que la vacuna contra el sarampi\u00f3n es muy eficaz para prevenir la enfermedad.\u00a0 Aunque en muchos pa\u00edses el sarampi\u00f3n ha sido controlado a trav\u00e9s de la inmunizaci\u00f3n, algunos lugares todav\u00eda<strong> enfrentan brotes<\/strong> debido a factores como la falta de acceso a vacunas o la reticencia a vacunarse.<\/p>\n\n\n\n<p><\/p>\n\n\n\n<blockquote class=\"wp-block-quote is-layout-flow wp-block-quote-is-layout-flow\">\n<p>Los s\u00edntomas son fiebre alta, tos, secreci\u00f3n nasal, ojos rojos, y una erupci\u00f3n cut\u00e1nea que generalmente comienza en la cara y se extiende al resto del cuerpo.<\/p>\n<\/blockquote>\n\n\n\n<p><\/p>\n\n\n\n<p>Los ministerios de salud de Naci\u00f3n, CABA y provincia de Buenos Aires<strong> emitieron un alerta<\/strong> para sensibilizar a los equipos de salud en la sospecha cl\u00ednica, diagn\u00f3stico precoz, tratamiento oportuno, implementaci\u00f3n de medidas de prevenci\u00f3n y control y para difundir las medidas de prevenci\u00f3n en la comunidad: vacunaci\u00f3n seg\u00fan edad, aislamiento y consulta ante la presencia de s\u00edntomas).<\/p>\n\n\n\n<p><\/p>\n\n\n\n<p>A la fecha,<strong> han sido confirmados por laboratorio 6 casos de sarampi\u00f3n residentes en la Ciudad Aut\u00f3noma de Buenos Aires (CABA) y 2 casos residentes en Florencio Varela, <\/strong>provincia de Buenos Aires donde uno de ellos se encuentra confirmado por laboratorio y el segundo por nexo epidemiol\u00f3gico.\u00a0<\/p>\n\n\n\n<p><\/p>\n\n\n\n<p><em>Fuente: DIB<\/em><\/p>\n","protected":false},"excerpt":{"rendered":"<p>El brote de sarampi\u00f3n generalmente ocurre cuando hay una disminuci\u00f3n en la tasa de vacunaci\u00f3n. El ministerio de Salud de<\/p>\n","protected":false},"author":6,"featured_media":66213,"comment_status":"closed","ping_status":"closed","sticky":false,"template":"","format":"standard","meta":{"_jetpack_memberships_contains_paid_content":false,"footnotes":""},"categories":[6,1],"tags":[],"class_list":["post-166870","post","type-post","status-publish","format-standard","has-post-thumbnail","hentry","category-nacionales","category-portada"],"jetpack_featured_media_url":"https:\/\/i0.wp.com\/cdnoticias.com\/wp-content\/uploads\/2022\/10\/DIB-vacunacion-sarampion-696x464-1.jpeg?fit=696%2C464&ssl=1","jetpack_sharing_enabled":true,"_links":{"self":[{"href":"https:\/\/cdnoticias.com\/index.php\/wp-json\/wp\/v2\/posts\/166870","targetHints":{"allow":["GET"]}}],"collection":[{"href":"https:\/\/cdnoticias.com\/index.php\/wp-json\/wp\/v2\/posts"}],"about":[{"href":"https:\/\/cdnoticias.com\/index.php\/wp-json\/wp\/v2\/types\/post"}],"author":[{"embeddable":true,"href":"https:\/\/cdnoticias.com\/index.php\/wp-json\/wp\/v2\/users\/6"}],"replies":[{"embeddable":true,"href":"https:\/\/cdnoticias.com\/index.php\/wp-json\/wp\/v2\/comments?post=166870"}],"version-history":[{"count":0,"href":"https:\/\/cdnoticias.com\/index.php\/wp-json\/wp\/v2\/posts\/166870\/revisions"}],"wp:featuredmedia":[{"embeddable":true,"href":"https:\/\/cdnoticias.com\/index.php\/wp-json\/wp\/v2\/media\/66213"}],"wp:attachment":[{"href":"https:\/\/cdnoticias.com\/index.php\/wp-json\/wp\/v2\/media?parent=166870"}],"wp:term":[{"taxonomy":"category","embeddable":true,"href":"https:\/\/cdnoticias.com\/index.php\/wp-json\/wp\/v2\/categories?post=166870"},{"taxonomy":"post_tag","embeddable":true,"href":"https:\/\/cdnoticias.com\/index.php\/wp-json\/wp\/v2\/tags?post=166870"}],"curies":[{"name":"wp","href":"https:\/\/api.w.org\/{rel}","templated":true}]}}