{"id":166833,"date":"2025-03-17T16:27:54","date_gmt":"2025-03-17T19:27:54","guid":{"rendered":"https:\/\/cdnoticias.com\/?p=166833"},"modified":"2025-03-17T18:54:44","modified_gmt":"2025-03-17T21:54:44","slug":"un-olavarriense-murio-en-un-accidente-en-ruta-226","status":"publish","type":"post","link":"https:\/\/cdnoticias.com\/index.php\/2025\/03\/17\/un-olavarriense-murio-en-un-accidente-en-ruta-226\/","title":{"rendered":"Un olavarriense muri\u00f3 en un accidente en ruta 226"},"content":{"rendered":"\n<p>Fue en la zona de la estaci\u00f3n experimental del INTA, en sentido Balcarce-Tandil. El hombre de 60 a\u00f1os muri\u00f3 en el acto.<\/p>\n\n\n\n<hr class=\"wp-block-separator aligncenter has-alpha-channel-opacity\"\/>\n\n\n\n<p>Este lunes por la madrugada,<strong> un hombre de 60 a\u00f1os con domicilio en Olavarr\u00eda muri\u00f3 luego de protagonizar un accidente en ruta nacional 226 kil\u00f3metro 71, sentido Balcarce-Tandil.<\/strong><\/p>\n\n\n\n<p>Seg\u00fan expres\u00f3 <strong>La Voz de Tandil,<\/strong> el hombre \u2013que a\u00fan no hab\u00eda sido identificado- <strong>a bordo de un Peugeot 504 impact\u00f3 por alcance a un Ford Cargo con acoplado, cuyo conductor de 47 a\u00f1os es oriundo de Santa Fe.<\/strong><\/p>\n\n\n\n<p>Producto del violento impacto,<strong> el hombre muri\u00f3 en el acto.<\/strong><\/p>\n\n\n\n<p><strong>Sucedi\u00f3 a aproximadamente dos kil\u00f3metros de la estaci\u00f3n experimental del INTA, alrededor de las 05:20 horas,<\/strong> en momentos donde estaba oscuro pero sin niebla, aportaron los testigos.<\/p>\n\n\n\n<p>Se supo que <strong>la unidad de transporte se aprestaba a girar hacia un camino rural cuando fue impactado por el auto desde atr\u00e1s.<\/strong><\/p>\n","protected":false},"excerpt":{"rendered":"<p>Fue en la zona de la estaci\u00f3n experimental del INTA, en sentido Balcarce-Tandil. El hombre de 60 a\u00f1os muri\u00f3 en<\/p>\n","protected":false},"author":2,"featured_media":166834,"comment_status":"closed","ping_status":"closed","sticky":false,"template":"","format":"standard","meta":{"_jetpack_memberships_contains_paid_content":false,"footnotes":""},"categories":[14,1],"tags":[],"class_list":["post-166833","post","type-post","status-publish","format-standard","has-post-thumbnail","hentry","category-policiales","category-portada"],"jetpack_featured_media_url":"https:\/\/i0.wp.com\/cdnoticias.com\/wp-content\/uploads\/2025\/03\/accidente-tandil-lavoz.jpg?fit=797%2C446&ssl=1","jetpack_sharing_enabled":true,"_links":{"self":[{"href":"https:\/\/cdnoticias.com\/index.php\/wp-json\/wp\/v2\/posts\/166833","targetHints":{"allow":["GET"]}}],"collection":[{"href":"https:\/\/cdnoticias.com\/index.php\/wp-json\/wp\/v2\/posts"}],"about":[{"href":"https:\/\/cdnoticias.com\/index.php\/wp-json\/wp\/v2\/types\/post"}],"author":[{"embeddable":true,"href":"https:\/\/cdnoticias.com\/index.php\/wp-json\/wp\/v2\/users\/2"}],"replies":[{"embeddable":true,"href":"https:\/\/cdnoticias.com\/index.php\/wp-json\/wp\/v2\/comments?post=166833"}],"version-history":[{"count":0,"href":"https:\/\/cdnoticias.com\/index.php\/wp-json\/wp\/v2\/posts\/166833\/revisions"}],"wp:featuredmedia":[{"embeddable":true,"href":"https:\/\/cdnoticias.com\/index.php\/wp-json\/wp\/v2\/media\/166834"}],"wp:attachment":[{"href":"https:\/\/cdnoticias.com\/index.php\/wp-json\/wp\/v2\/media?parent=166833"}],"wp:term":[{"taxonomy":"category","embeddable":true,"href":"https:\/\/cdnoticias.com\/index.php\/wp-json\/wp\/v2\/categories?post=166833"},{"taxonomy":"post_tag","embeddable":true,"href":"https:\/\/cdnoticias.com\/index.php\/wp-json\/wp\/v2\/tags?post=166833"}],"curies":[{"name":"wp","href":"https:\/\/api.w.org\/{rel}","templated":true}]}}