{"id":166832,"date":"2025-03-17T17:01:31","date_gmt":"2025-03-17T20:01:31","guid":{"rendered":"https:\/\/cdnoticias.com\/?p=166832"},"modified":"2025-03-17T17:01:35","modified_gmt":"2025-03-17T20:01:35","slug":"ucr-encuentro-de-la-septima-seccion-electoral-de-la-juventud-radical","status":"publish","type":"post","link":"https:\/\/cdnoticias.com\/index.php\/2025\/03\/17\/ucr-encuentro-de-la-septima-seccion-electoral-de-la-juventud-radical\/","title":{"rendered":"UCR: encuentro de la S\u00e9ptima Secci\u00f3n Electoral de la Juventud Radical\u00a0"},"content":{"rendered":"\n<p>La actividad se desarroll\u00f3 en las instalaciones del Comit\u00e9 y cont\u00f3 con la presencia de m\u00e1s de 60 j\u00f3venes.&nbsp;<\/p>\n\n\n\n<hr class=\"wp-block-separator aligncenter has-alpha-channel-opacity\"\/>\n\n\n\n<p>En la tarde del \u00faltimo s\u00e1bado, <strong>el Comit\u00e9 Radical fue sede<\/strong> del encuentro de la <strong>S\u00e9ptima Secci\u00f3n Electoral de la Juventud del espacio.\u00a0<\/strong><\/p>\n\n\n\n<p><\/p>\n\n\n\n<p>De la actividad participaron <strong>m\u00e1s de 60 j\u00f3venes de Olavarr\u00eda, Tapalqu\u00e9, Azul, 25 de Mayo, Roque P\u00e9rez, Bol\u00edvar y Saladillo<\/strong> y se desarrollaron diversos paneles con diferentes tem\u00e1ticas formaci\u00f3n y gesti\u00f3n.\u00a0 <\/p>\n\n\n\n<p><\/p>\n\n\n\n<figure class=\"wp-block-image aligncenter size-full\"><img data-recalc-dims=\"1\" loading=\"lazy\" decoding=\"async\" width=\"720\" height=\"467\" src=\"https:\/\/i0.wp.com\/cdnoticias.com\/wp-content\/uploads\/2025\/03\/jr-encuentro-septima-seccion-comite-ucr.png?resize=720%2C467&#038;ssl=1\" alt=\"\" class=\"wp-image-166839\" srcset=\"https:\/\/i0.wp.com\/cdnoticias.com\/wp-content\/uploads\/2025\/03\/jr-encuentro-septima-seccion-comite-ucr.png?w=720&amp;ssl=1 720w, https:\/\/i0.wp.com\/cdnoticias.com\/wp-content\/uploads\/2025\/03\/jr-encuentro-septima-seccion-comite-ucr.png?resize=300%2C195&amp;ssl=1 300w\" sizes=\"auto, (max-width: 720px) 100vw, 720px\" \/><\/figure>\n\n\n\n<p><\/p>\n\n\n\n<blockquote class=\"wp-block-quote is-layout-flow wp-block-quote-is-layout-flow\">\n<p>\u201cSe trat\u00f3 de un evento sumamente importante ya que\u00a0 la Juventud Radical de Olavarr\u00eda pudo realizar una actividad en las instalaciones del Comit\u00e9 tras 12 a\u00f1os, luego de aquel incendio intencional del 2013\u201d expresaron desde el espacio.\u00a0<\/p>\n<\/blockquote>\n\n\n\n<p><\/p>\n\n\n\n<p>Al respecto, <strong>Nahuel Gonz\u00e1lez, presidente de la JR,<\/strong> se\u00f1al\u00f3 que \u201c<em>es un gran orgullo y una enorme felicidad poder recibir a j\u00f3venes radicales de distintas ciudades de la Secci\u00f3n en nuestra reconstruida casa partidaria. Despu\u00e9s de casi 12 a\u00f1os, realizamos una gran jornada de construcci\u00f3n y formaci\u00f3n, pensando en la juventud como motor de cambio y transformaci\u00f3n\u201d.\u00a0<\/em><\/p>\n\n\n\n<p><\/p>\n\n\n\n<figure class=\"wp-block-image aligncenter size-full\"><img data-recalc-dims=\"1\" loading=\"lazy\" decoding=\"async\" width=\"800\" height=\"533\" src=\"https:\/\/i0.wp.com\/cdnoticias.com\/wp-content\/uploads\/2025\/03\/jr-encuentro-septima-seccion-comite-ucr3.jpg?resize=800%2C533&#038;ssl=1\" alt=\"\" class=\"wp-image-166836\" srcset=\"https:\/\/i0.wp.com\/cdnoticias.com\/wp-content\/uploads\/2025\/03\/jr-encuentro-septima-seccion-comite-ucr3.jpg?w=900&amp;ssl=1 900w, https:\/\/i0.wp.com\/cdnoticias.com\/wp-content\/uploads\/2025\/03\/jr-encuentro-septima-seccion-comite-ucr3.jpg?resize=300%2C200&amp;ssl=1 300w, https:\/\/i0.wp.com\/cdnoticias.com\/wp-content\/uploads\/2025\/03\/jr-encuentro-septima-seccion-comite-ucr3.jpg?resize=768%2C512&amp;ssl=1 768w, https:\/\/i0.wp.com\/cdnoticias.com\/wp-content\/uploads\/2025\/03\/jr-encuentro-septima-seccion-comite-ucr3.jpg?resize=272%2C182&amp;ssl=1 272w\" sizes=\"auto, (max-width: 800px) 100vw, 800px\" \/><\/figure>\n\n\n\n<p><\/p>\n\n\n\n<p>\u201cAgradezco el acompa\u00f1amiento de todos los j\u00f3venes de la S\u00e9ptima y de las autoridades provinciales de la Juventud Radical, como as\u00ed tambi\u00e9n de la presidenta de nuestro partido Bel\u00e9n Vergel, y los concejales Sebasti\u00e1n Matrella y Francisco Gonz\u00e1lez\u201d, cerr\u00f3 el presidente de la JR. <\/p>\n\n\n\n<p><\/p>\n\n\n\n<figure class=\"wp-block-image aligncenter size-full\"><img data-recalc-dims=\"1\" loading=\"lazy\" decoding=\"async\" width=\"720\" height=\"461\" src=\"https:\/\/i0.wp.com\/cdnoticias.com\/wp-content\/uploads\/2025\/03\/jr-encuentro-septima-seccion-comite-ucr1.png?resize=720%2C461&#038;ssl=1\" alt=\"\" class=\"wp-image-166838\" srcset=\"https:\/\/i0.wp.com\/cdnoticias.com\/wp-content\/uploads\/2025\/03\/jr-encuentro-septima-seccion-comite-ucr1.png?w=720&amp;ssl=1 720w, https:\/\/i0.wp.com\/cdnoticias.com\/wp-content\/uploads\/2025\/03\/jr-encuentro-septima-seccion-comite-ucr1.png?resize=300%2C192&amp;ssl=1 300w\" sizes=\"auto, (max-width: 720px) 100vw, 720px\" \/><\/figure>\n\n\n\n<p><\/p>\n","protected":false},"excerpt":{"rendered":"<p>La actividad se desarroll\u00f3 en las instalaciones del Comit\u00e9 y cont\u00f3 con la presencia de m\u00e1s de 60 j\u00f3venes.&nbsp; En<\/p>\n","protected":false},"author":6,"featured_media":166837,"comment_status":"closed","ping_status":"closed","sticky":false,"template":"","format":"standard","meta":{"_jetpack_memberships_contains_paid_content":false,"footnotes":""},"categories":[4,1],"tags":[],"class_list":["post-166832","post","type-post","status-publish","format-standard","has-post-thumbnail","hentry","category-politica","category-portada"],"jetpack_featured_media_url":"https:\/\/i0.wp.com\/cdnoticias.com\/wp-content\/uploads\/2025\/03\/jr-encuentro-septima-seccion-comite-ucr2.jpg?fit=900%2C599&ssl=1","jetpack_sharing_enabled":true,"_links":{"self":[{"href":"https:\/\/cdnoticias.com\/index.php\/wp-json\/wp\/v2\/posts\/166832","targetHints":{"allow":["GET"]}}],"collection":[{"href":"https:\/\/cdnoticias.com\/index.php\/wp-json\/wp\/v2\/posts"}],"about":[{"href":"https:\/\/cdnoticias.com\/index.php\/wp-json\/wp\/v2\/types\/post"}],"author":[{"embeddable":true,"href":"https:\/\/cdnoticias.com\/index.php\/wp-json\/wp\/v2\/users\/6"}],"replies":[{"embeddable":true,"href":"https:\/\/cdnoticias.com\/index.php\/wp-json\/wp\/v2\/comments?post=166832"}],"version-history":[{"count":0,"href":"https:\/\/cdnoticias.com\/index.php\/wp-json\/wp\/v2\/posts\/166832\/revisions"}],"wp:featuredmedia":[{"embeddable":true,"href":"https:\/\/cdnoticias.com\/index.php\/wp-json\/wp\/v2\/media\/166837"}],"wp:attachment":[{"href":"https:\/\/cdnoticias.com\/index.php\/wp-json\/wp\/v2\/media?parent=166832"}],"wp:term":[{"taxonomy":"category","embeddable":true,"href":"https:\/\/cdnoticias.com\/index.php\/wp-json\/wp\/v2\/categories?post=166832"},{"taxonomy":"post_tag","embeddable":true,"href":"https:\/\/cdnoticias.com\/index.php\/wp-json\/wp\/v2\/tags?post=166832"}],"curies":[{"name":"wp","href":"https:\/\/api.w.org\/{rel}","templated":true}]}}