{"id":166814,"date":"2025-03-17T12:26:24","date_gmt":"2025-03-17T15:26:24","guid":{"rendered":"https:\/\/cdnoticias.com\/?p=166814"},"modified":"2025-03-17T16:28:21","modified_gmt":"2025-03-17T19:28:21","slug":"allanamiento-en-microcentro-detuvieron-a-un-hombre-tras-el-secuestro-de-cocaina-y-marihuana","status":"publish","type":"post","link":"https:\/\/cdnoticias.com\/index.php\/2025\/03\/17\/allanamiento-en-microcentro-detuvieron-a-un-hombre-tras-el-secuestro-de-cocaina-y-marihuana\/","title":{"rendered":"Allanamiento en Microcentro: detuvieron a un hombre tras el secuestro de coca\u00edna y marihuana"},"content":{"rendered":"\n<p>El operativo se concret\u00f3 d\u00edas atr\u00e1s. En las \u00faltimas horas fue convertida en detenci\u00f3n la aprehensi\u00f3n del imputado.<\/p>\n\n\n\n<hr class=\"wp-block-separator has-alpha-channel-opacity\"\/>\n\n\n\n<p>El pasado mi\u00e9rcoles, personal de la Divisi\u00f3n Unidad Operativa Federal de Olavarr\u00eda realiz\u00f3 un allanamiento en un departamento en Microcentro, donde<strong> secuestr\u00f3 varios elementos, entre ellos coca\u00edna y marihuana. Hubo un imputado que termin\u00f3 aprehendido.<\/strong><\/p>\n\n\n\n<p><\/p>\n\n\n\n<blockquote class=\"wp-block-quote is-layout-flow wp-block-quote-is-layout-flow\">\n<p>En las \u00faltimas horas, la Justicia de Garant\u00edas otorg\u00f3 la detenci\u00f3n a solicitud del fiscal Lucas Moyano por el delito de tenencia ileg\u00edtima de estupefacientes con fines de comercializaci\u00f3n.<\/p>\n<\/blockquote>\n\n\n\n<p><\/p>\n\n\n\n<p><a href=\"https:\/\/cdnoticias.com\/index.php\/2025\/03\/14\/secuestraron-cocaina-y-marihuana-en-un-allanamiento-de-policia-federal-en-microcentro\/\" data-type=\"link\" data-id=\"https:\/\/cdnoticias.com\/index.php\/2025\/03\/14\/secuestraron-cocaina-y-marihuana-en-un-allanamiento-de-policia-federal-en-microcentro\/\">El operativo fue en un domicilio en <strong>Dorrego y Moreno<\/strong>,<\/a> tras recibir una orden de allanamiento autorizada por el Juzgado de Garant\u00edas N\u00b02 de Olavarr\u00eda, a cargo del doctor Villamar\u00edn. <strong>La causa se origin\u00f3 en octubre de 2024 donde \u201cse alertaba sobre la posible comercializaci\u00f3n de drogas en un domicilio de la ciudad\u201d.<\/strong><\/p>\n\n\n\n<p><\/p>\n\n\n\n<p>Tras la investigaci\u00f3n de la Brigada de la Dependencia, los caminos condujeron a este lugar que fue allanado. <strong>Secuestraron tel\u00e9fonos celulares, dinero en efectivo y coca\u00edna y marihuana.<\/strong><\/p>\n\n\n\n<p><\/p>\n","protected":false},"excerpt":{"rendered":"<p>El operativo se concret\u00f3 d\u00edas atr\u00e1s. En las \u00faltimas horas fue convertida en detenci\u00f3n la aprehensi\u00f3n del imputado. El pasado<\/p>\n","protected":false},"author":5,"featured_media":166691,"comment_status":"closed","ping_status":"closed","sticky":false,"template":"","format":"standard","meta":{"_jetpack_memberships_contains_paid_content":false,"footnotes":""},"categories":[14,1],"tags":[],"class_list":["post-166814","post","type-post","status-publish","format-standard","has-post-thumbnail","hentry","category-policiales","category-portada"],"jetpack_featured_media_url":"https:\/\/i0.wp.com\/cdnoticias.com\/wp-content\/uploads\/2025\/03\/allanamiento-federal2.jpg?fit=1000%2C600&ssl=1","jetpack_sharing_enabled":true,"_links":{"self":[{"href":"https:\/\/cdnoticias.com\/index.php\/wp-json\/wp\/v2\/posts\/166814","targetHints":{"allow":["GET"]}}],"collection":[{"href":"https:\/\/cdnoticias.com\/index.php\/wp-json\/wp\/v2\/posts"}],"about":[{"href":"https:\/\/cdnoticias.com\/index.php\/wp-json\/wp\/v2\/types\/post"}],"author":[{"embeddable":true,"href":"https:\/\/cdnoticias.com\/index.php\/wp-json\/wp\/v2\/users\/5"}],"replies":[{"embeddable":true,"href":"https:\/\/cdnoticias.com\/index.php\/wp-json\/wp\/v2\/comments?post=166814"}],"version-history":[{"count":0,"href":"https:\/\/cdnoticias.com\/index.php\/wp-json\/wp\/v2\/posts\/166814\/revisions"}],"wp:featuredmedia":[{"embeddable":true,"href":"https:\/\/cdnoticias.com\/index.php\/wp-json\/wp\/v2\/media\/166691"}],"wp:attachment":[{"href":"https:\/\/cdnoticias.com\/index.php\/wp-json\/wp\/v2\/media?parent=166814"}],"wp:term":[{"taxonomy":"category","embeddable":true,"href":"https:\/\/cdnoticias.com\/index.php\/wp-json\/wp\/v2\/categories?post=166814"},{"taxonomy":"post_tag","embeddable":true,"href":"https:\/\/cdnoticias.com\/index.php\/wp-json\/wp\/v2\/tags?post=166814"}],"curies":[{"name":"wp","href":"https:\/\/api.w.org\/{rel}","templated":true}]}}