{"id":166789,"date":"2025-03-17T08:53:27","date_gmt":"2025-03-17T11:53:27","guid":{"rendered":"https:\/\/cdnoticias.com\/?p=166789"},"modified":"2025-03-17T11:53:59","modified_gmt":"2025-03-17T14:53:59","slug":"torneo-interligas-los-olavarrienses-se-llevaron-grandes-resultados-en-la-segunda-fecha","status":"publish","type":"post","link":"https:\/\/cdnoticias.com\/index.php\/2025\/03\/17\/torneo-interligas-los-olavarrienses-se-llevaron-grandes-resultados-en-la-segunda-fecha\/","title":{"rendered":"Torneo Interligas: los olavarrienses se llevaron grandes resultados en la segunda fecha"},"content":{"rendered":"\n<p>Loma Negra, El Fort\u00edn, Embajadores, Espigas, Estudiantes y Racing ganaron sus partidos en una fecha plagada de f\u00fatbol en la ciudad, las localidades y la regi\u00f3n. Todos los resultados.<\/p>\n\n\n\n<hr class=\"wp-block-separator aligncenter has-alpha-channel-opacity\"\/>\n\n\n\n<p><em><strong>Fotos Sierra Chica &#8211; Racing: Gentileza Anal\u00eda P\u00e1ez<\/strong><\/em><\/p>\n\n\n\n<p>La <strong>segunda fecha del Torneo Interligas 2025 tuvo 13 partidos en varias ciudades de la regi\u00f3n y triunfazos de equipos locales, como el gran partido que gan\u00f3 El Fort\u00edn de visitante, el debut con triunfo de Embajadores, la goleada de Espigas o el partidazo que sac\u00f3 adelante Racing en Sierra Chica.<\/strong><\/p>\n\n\n\n<p><strong>Loma Negra, con transmisi\u00f3n del equipo deportivo de FM Sapiens, le gan\u00f3 con contundencia a otro de los equipos olavarrienses, Colonias y Cerros, por 4 a 1. <\/strong>Guzm\u00e1n, Navarro en dos oportunidades y el eterno Juan Jos\u00e9 Longhini para el celeste, con el descuento de Jonathan Ug\u00f3n para el visitante.\u00a0<\/p>\n\n\n\n<p><strong>Espigas mostr\u00f3 que est\u00e1 para grandes cosas y gole\u00f3 por 4 a 0 a Urdampilleta <\/strong>con goles de Franco Janson en dos oportunidades, Maicol Salamanca y Mart\u00edn Wilt.<\/p>\n\n\n\n<figure class=\"wp-block-image size-large\"><img data-recalc-dims=\"1\" loading=\"lazy\" decoding=\"async\" width=\"800\" height=\"533\" src=\"https:\/\/i0.wp.com\/cdnoticias.com\/wp-content\/uploads\/2025\/03\/WhatsApp-Image-2025-03-16-at-20.18.56.jpeg?resize=800%2C533&#038;ssl=1\" alt=\"\" class=\"wp-image-166794\" srcset=\"https:\/\/i0.wp.com\/cdnoticias.com\/wp-content\/uploads\/2025\/03\/WhatsApp-Image-2025-03-16-at-20.18.56.jpeg?resize=1024%2C682&amp;ssl=1 1024w, https:\/\/i0.wp.com\/cdnoticias.com\/wp-content\/uploads\/2025\/03\/WhatsApp-Image-2025-03-16-at-20.18.56.jpeg?resize=300%2C200&amp;ssl=1 300w, https:\/\/i0.wp.com\/cdnoticias.com\/wp-content\/uploads\/2025\/03\/WhatsApp-Image-2025-03-16-at-20.18.56.jpeg?resize=768%2C512&amp;ssl=1 768w, https:\/\/i0.wp.com\/cdnoticias.com\/wp-content\/uploads\/2025\/03\/WhatsApp-Image-2025-03-16-at-20.18.56.jpeg?resize=1536%2C1023&amp;ssl=1 1536w, https:\/\/i0.wp.com\/cdnoticias.com\/wp-content\/uploads\/2025\/03\/WhatsApp-Image-2025-03-16-at-20.18.56.jpeg?resize=272%2C182&amp;ssl=1 272w, https:\/\/i0.wp.com\/cdnoticias.com\/wp-content\/uploads\/2025\/03\/WhatsApp-Image-2025-03-16-at-20.18.56.jpeg?w=1600&amp;ssl=1 1600w\" sizes=\"auto, (max-width: 800px) 100vw, 800px\" \/><\/figure>\n\n\n\n<p>En uno de los atractivos de la segunda fecha,<strong> Racing gan\u00f3 como visitante un partidazo a Sierra Chica por 3 a 2, con doblete de Agust\u00edn Teixeira y Facundo Tucker mientras que para el local anot\u00f3 Emanuel Devia y Nahuel Betti.\u00a0\u00a0\u00a0<\/strong><\/p>\n\n\n\n<p class=\"has-large-font-size\">Los resultados:<\/p>\n\n\n\n<figure class=\"wp-block-image size-large\"><img data-recalc-dims=\"1\" loading=\"lazy\" decoding=\"async\" width=\"800\" height=\"600\" src=\"https:\/\/i0.wp.com\/cdnoticias.com\/wp-content\/uploads\/2025\/03\/WhatsApp-Image-2025-03-16-at-20.45.18.jpeg?resize=800%2C600&#038;ssl=1\" alt=\"\" class=\"wp-image-166791\" srcset=\"https:\/\/i0.wp.com\/cdnoticias.com\/wp-content\/uploads\/2025\/03\/WhatsApp-Image-2025-03-16-at-20.45.18.jpeg?resize=1024%2C768&amp;ssl=1 1024w, https:\/\/i0.wp.com\/cdnoticias.com\/wp-content\/uploads\/2025\/03\/WhatsApp-Image-2025-03-16-at-20.45.18.jpeg?resize=300%2C225&amp;ssl=1 300w, https:\/\/i0.wp.com\/cdnoticias.com\/wp-content\/uploads\/2025\/03\/WhatsApp-Image-2025-03-16-at-20.45.18.jpeg?resize=768%2C576&amp;ssl=1 768w, https:\/\/i0.wp.com\/cdnoticias.com\/wp-content\/uploads\/2025\/03\/WhatsApp-Image-2025-03-16-at-20.45.18.jpeg?w=1040&amp;ssl=1 1040w\" sizes=\"auto, (max-width: 800px) 100vw, 800px\" \/><\/figure>\n\n\n\n<p class=\"has-medium-font-size\">Primera:<\/p>\n\n\n\n<p class=\"has-medium-font-size\">ZONA A:<\/p>\n\n\n\n<p>Pirovano 1 (Tob\u00edas Moya) \u2013 1 (Tom\u00e1s Andreata) Lil\u00e1n<\/p>\n\n\n\n<p>Loma Negra 4 (Alexis Guzm\u00e1n, Franco Navarro -2- y Juan Jos\u00e9 Longhini) \u2013 1 (Jonathan Ug\u00f3n) Colonias y Cerros<\/p>\n\n\n\n<p>Barracas 0 \u2013 4 (Edgardo Maldonado -2-, Emiliano Piecenti y Mateo Lucio) El Fort\u00edn<\/p>\n\n\n\n<p class=\"has-medium-font-size\">ZONA B:<\/p>\n\n\n\n<p>Jorge Newbery 1 (Ricardo Regalado) \u2013 2 (Alfredo Troncoso, Videla) Casariego<\/p>\n\n\n\n<p>Embajadores 2 (Federico Sacher, Emilio Scipioni) \u2013 0 Hinojo<\/p>\n\n\n\n<p>Espigas 4 (Franco Janson -2-, Maicol Salamanca y Mart\u00edn Wilt) \u2013 0 Urdampilleta<\/p>\n\n\n\n<p class=\"has-medium-font-size\">ZONA C<\/p>\n\n\n\n<p>Municipales 2 (Sebasti\u00e1n Vecchio -2-) \u2013 2 (Francisco G\u00f3mez, Dylan Arce) Racing (L)<\/p>\n\n\n\n<p>Balonpi\u00e9 2 (Iriarte, \u00c1lvarez) \u2013 1 (Lucio Becker) San Mart\u00edn<\/p>\n\n\n\n<p>Ciudad de Bol\u00edvar 0 \u2013 1 (Manuel Garrido) Estudiantes&nbsp;<\/p>\n\n\n\n<p class=\"has-medium-font-size\">ZONA D<\/p>\n\n\n\n<p>Ingeniero Newbery 0 \u2013 1 (Mat\u00edas Elisamburu) Empleados de Comercio<\/p>\n\n\n\n<p>Sierra Chica 2 (Emanuel Devia y Nahuel Betti) \u2013 3 (Agust\u00edn Teixeira -2- y Facundo Tucker) Racing<\/p>\n\n\n\n<p>Libre: Ferro<\/p>\n\n\n\n<p class=\"has-medium-font-size\">INTERZONALES<\/p>\n\n\n\n<p>Bull Dog 3 (Vides, Orodes, Burucua) \u2013 1 (Paredes) Bancario<\/p>\n\n\n\n<p>Platense 1 (Gonzalo Fern\u00e1ndez) \u2013 2 (Mormando y Mimbielle) Juventud<\/p>\n\n\n\n<figure class=\"wp-block-image size-large\"><img data-recalc-dims=\"1\" loading=\"lazy\" decoding=\"async\" width=\"800\" height=\"369\" src=\"https:\/\/i0.wp.com\/cdnoticias.com\/wp-content\/uploads\/2025\/03\/WhatsApp-Image-2025-03-16-at-20.45.18-1.jpeg?resize=800%2C369&#038;ssl=1\" alt=\"\" class=\"wp-image-166792\" srcset=\"https:\/\/i0.wp.com\/cdnoticias.com\/wp-content\/uploads\/2025\/03\/WhatsApp-Image-2025-03-16-at-20.45.18-1.jpeg?resize=1024%2C472&amp;ssl=1 1024w, https:\/\/i0.wp.com\/cdnoticias.com\/wp-content\/uploads\/2025\/03\/WhatsApp-Image-2025-03-16-at-20.45.18-1.jpeg?resize=300%2C138&amp;ssl=1 300w, https:\/\/i0.wp.com\/cdnoticias.com\/wp-content\/uploads\/2025\/03\/WhatsApp-Image-2025-03-16-at-20.45.18-1.jpeg?resize=768%2C354&amp;ssl=1 768w, https:\/\/i0.wp.com\/cdnoticias.com\/wp-content\/uploads\/2025\/03\/WhatsApp-Image-2025-03-16-at-20.45.18-1.jpeg?resize=1536%2C708&amp;ssl=1 1536w, https:\/\/i0.wp.com\/cdnoticias.com\/wp-content\/uploads\/2025\/03\/WhatsApp-Image-2025-03-16-at-20.45.18-1.jpeg?w=1600&amp;ssl=1 1600w\" sizes=\"auto, (max-width: 800px) 100vw, 800px\" \/><\/figure>\n\n\n\n<p class=\"has-medium-font-size\">Reserva:<\/p>\n\n\n\n<p class=\"has-medium-font-size\">ZONA A<\/p>\n\n\n\n<p>Loma Negra 2 \u2013 2 Colonias y Cerros<\/p>\n\n\n\n<p>Deportivo Pirovano 0 \u2013 0 Lil\u00e1n<\/p>\n\n\n\n<p>Barracas 0 \u2013 4 El Fort\u00edn<\/p>\n\n\n\n<p class=\"has-medium-font-size\">ZONA B<\/p>\n\n\n\n<p>Jorge Newbery 6 \u2013 4 Casariego&nbsp;&nbsp;<\/p>\n\n\n\n<p>Embajadores 2 \u2013 1 Hinojo<\/p>\n\n\n\n<p>Espigas 3 \u2013 0 Urdampilleta<\/p>\n\n\n\n<p class=\"has-medium-font-size\">ZONA C<\/p>\n\n\n\n<p>Municipales 1 \u2013 3 Racing (L)<\/p>\n\n\n\n<p>Platense 1 \u2013 3 Juventud<\/p>\n\n\n\n<p>Balonpi\u00e9 1 \u2013 0 San Mart\u00edn<\/p>\n\n\n\n<p class=\"has-medium-font-size\">ZONA D<\/p>\n\n\n\n<p>Ingeniero Newbery 5 \u2013 4 Empleados de Comercio<\/p>\n\n\n\n<p>Sierra Chica 1 \u2013 2 Racing<\/p>\n\n\n\n<p>Libre: Ferro<\/p>\n\n\n\n<p class=\"has-medium-font-size\">INTERZONALES<\/p>\n\n\n\n<p>El Fort\u00edn 1 \u2013 1 Ferro (pendiente de la 1\u00b0)<\/p>\n\n\n\n<p>Bull Dog 0 \u2013 1 Bancario<\/p>\n\n\n\n<p>Platense 1 \u2013 3 Juventud<\/p>\n","protected":false},"excerpt":{"rendered":"<p>Loma Negra, El Fort\u00edn, Embajadores, Espigas, Estudiantes y Racing ganaron sus partidos en una fecha plagada de f\u00fatbol en la<\/p>\n","protected":false},"author":2,"featured_media":166795,"comment_status":"closed","ping_status":"closed","sticky":false,"template":"","format":"standard","meta":{"_jetpack_memberships_contains_paid_content":false,"footnotes":""},"categories":[29,35,1],"tags":[],"class_list":["post-166789","post","type-post","status-publish","format-standard","has-post-thumbnail","hentry","category-deportes","category-futbol","category-portada"],"jetpack_featured_media_url":"https:\/\/i0.wp.com\/cdnoticias.com\/wp-content\/uploads\/2025\/03\/WhatsApp-Image-2025-03-16-at-20.18.55.jpeg?fit=1600%2C1066&ssl=1","jetpack_sharing_enabled":true,"_links":{"self":[{"href":"https:\/\/cdnoticias.com\/index.php\/wp-json\/wp\/v2\/posts\/166789","targetHints":{"allow":["GET"]}}],"collection":[{"href":"https:\/\/cdnoticias.com\/index.php\/wp-json\/wp\/v2\/posts"}],"about":[{"href":"https:\/\/cdnoticias.com\/index.php\/wp-json\/wp\/v2\/types\/post"}],"author":[{"embeddable":true,"href":"https:\/\/cdnoticias.com\/index.php\/wp-json\/wp\/v2\/users\/2"}],"replies":[{"embeddable":true,"href":"https:\/\/cdnoticias.com\/index.php\/wp-json\/wp\/v2\/comments?post=166789"}],"version-history":[{"count":0,"href":"https:\/\/cdnoticias.com\/index.php\/wp-json\/wp\/v2\/posts\/166789\/revisions"}],"wp:featuredmedia":[{"embeddable":true,"href":"https:\/\/cdnoticias.com\/index.php\/wp-json\/wp\/v2\/media\/166795"}],"wp:attachment":[{"href":"https:\/\/cdnoticias.com\/index.php\/wp-json\/wp\/v2\/media?parent=166789"}],"wp:term":[{"taxonomy":"category","embeddable":true,"href":"https:\/\/cdnoticias.com\/index.php\/wp-json\/wp\/v2\/categories?post=166789"},{"taxonomy":"post_tag","embeddable":true,"href":"https:\/\/cdnoticias.com\/index.php\/wp-json\/wp\/v2\/tags?post=166789"}],"curies":[{"name":"wp","href":"https:\/\/api.w.org\/{rel}","templated":true}]}}