{"id":166765,"date":"2025-03-16T19:51:17","date_gmt":"2025-03-16T22:51:17","guid":{"rendered":"https:\/\/cdnoticias.com\/?p=166765"},"modified":"2025-03-17T08:53:58","modified_gmt":"2025-03-17T11:53:58","slug":"murio-un-joven-de-sierra-chica-que-habia-desaparecido-dias-atras","status":"publish","type":"post","link":"https:\/\/cdnoticias.com\/index.php\/2025\/03\/16\/murio-un-joven-de-sierra-chica-que-habia-desaparecido-dias-atras\/","title":{"rendered":"Muri\u00f3 un joven de Sierra Chica que hab\u00eda desaparecido d\u00edas atr\u00e1s"},"content":{"rendered":"\n<p>Hab\u00eda sido buscado y encontrado a inicios de marzo. El pasado jueves, en Miramar, se dispar\u00f3 con un arma que le dej\u00f3 heridas que lamentablemente le causaron la muerte. Ten\u00eda 24 a\u00f1os.<\/p>\n\n\n\n<hr class=\"wp-block-separator aligncenter has-alpha-channel-opacity\"\/>\n\n\n\n<p>Este domingo,<strong> se conoci\u00f3 la muerte de un joven de 24 a\u00f1os que d\u00edas atr\u00e1s hab\u00eda desaparecido y fue encontrado en Mar del Plata hace 12 d\u00edas.<\/strong><\/p>\n\n\n\n<p>Seg\u00fan logr\u00f3 saber Central de Noticias,<strong> el joven identificado como Emanuel Roark, un agente del servicio penitenciario que prestaba servicios en la unidad penal de Urdampilleta, sali\u00f3 con su camioneta y mascota del domicilio donde resid\u00eda en Sierra Chica y no se volvi\u00f3 a saber de \u00e9l.<\/strong><\/p>\n\n\n\n<p>All\u00ed comenz\u00f3 una intensa b\u00fasqueda con la participaci\u00f3n de efectivos policiales de varios distritos. Desde la DDI en Mar del Plata lo encontraron en la ciudad balnearia. <\/p>\n\n\n\n<p>Tras esta situaci\u00f3n, se conoci\u00f3 <strong>que el joven, en esta ocasi\u00f3n en Miramar, se habr\u00eda intentado quitar la vida el pasado jueves, en el ba\u00f1o de un bar, mediante el disparo de un arma de fuego, hecho que no logr\u00f3 concretar pero que lo dej\u00f3 con graves heridas.<\/strong><\/p>\n\n\n\n<p><strong>Estuvo internado en el Hospital Interzonal de Agudos de Mar del Plata hasta las \u00faltimas horas, donde lamentablemente falleci\u00f3. <\/strong>Al conocerse dicha novedad, trascendi\u00f3 la reconstrucci\u00f3n del hecho.<\/p>\n\n\n\n<p><\/p>\n","protected":false},"excerpt":{"rendered":"<p>Hab\u00eda sido buscado y encontrado a inicios de marzo. El pasado jueves, en Miramar, se dispar\u00f3 con un arma que<\/p>\n","protected":false},"author":2,"featured_media":166773,"comment_status":"closed","ping_status":"closed","sticky":false,"template":"","format":"standard","meta":{"_jetpack_memberships_contains_paid_content":false,"footnotes":""},"categories":[14,1],"tags":[],"class_list":["post-166765","post","type-post","status-publish","format-standard","has-post-thumbnail","hentry","category-policiales","category-portada"],"jetpack_featured_media_url":"https:\/\/i0.wp.com\/cdnoticias.com\/wp-content\/uploads\/2025\/03\/higa-mdp.jpg?fit=949%2C577&ssl=1","jetpack_sharing_enabled":true,"_links":{"self":[{"href":"https:\/\/cdnoticias.com\/index.php\/wp-json\/wp\/v2\/posts\/166765","targetHints":{"allow":["GET"]}}],"collection":[{"href":"https:\/\/cdnoticias.com\/index.php\/wp-json\/wp\/v2\/posts"}],"about":[{"href":"https:\/\/cdnoticias.com\/index.php\/wp-json\/wp\/v2\/types\/post"}],"author":[{"embeddable":true,"href":"https:\/\/cdnoticias.com\/index.php\/wp-json\/wp\/v2\/users\/2"}],"replies":[{"embeddable":true,"href":"https:\/\/cdnoticias.com\/index.php\/wp-json\/wp\/v2\/comments?post=166765"}],"version-history":[{"count":0,"href":"https:\/\/cdnoticias.com\/index.php\/wp-json\/wp\/v2\/posts\/166765\/revisions"}],"wp:featuredmedia":[{"embeddable":true,"href":"https:\/\/cdnoticias.com\/index.php\/wp-json\/wp\/v2\/media\/166773"}],"wp:attachment":[{"href":"https:\/\/cdnoticias.com\/index.php\/wp-json\/wp\/v2\/media?parent=166765"}],"wp:term":[{"taxonomy":"category","embeddable":true,"href":"https:\/\/cdnoticias.com\/index.php\/wp-json\/wp\/v2\/categories?post=166765"},{"taxonomy":"post_tag","embeddable":true,"href":"https:\/\/cdnoticias.com\/index.php\/wp-json\/wp\/v2\/tags?post=166765"}],"curies":[{"name":"wp","href":"https:\/\/api.w.org\/{rel}","templated":true}]}}