{"id":166756,"date":"2025-03-16T16:28:49","date_gmt":"2025-03-16T19:28:49","guid":{"rendered":"https:\/\/cdnoticias.com\/?p=166756"},"modified":"2025-03-17T08:25:19","modified_gmt":"2025-03-17T11:25:19","slug":"anuncian-un-alerta-amarilla-por-tormentas-para-olavarria-2","status":"publish","type":"post","link":"https:\/\/cdnoticias.com\/index.php\/2025\/03\/16\/anuncian-un-alerta-amarilla-por-tormentas-para-olavarria-2\/","title":{"rendered":"Anuncian un alerta amarilla por tormentas para Olavarr\u00eda"},"content":{"rendered":"\n<p>Tendr\u00e1 vigencia para el lunes por la noche por fuertes lluvias y vientos fuertes. Ese mismo d\u00eda por la tarde se esperan lluvias para Bah\u00eda Blanca.<\/p>\n\n\n\n<hr class=\"wp-block-separator aligncenter has-alpha-channel-opacity\"\/>\n\n\n\n<p>Anunciado por el Servicio Meteorol\u00f3gico Nacional (y replicado por el Municipio) <strong>se conoci\u00f3 un alerta amarilla por tormentas para nuestra ciudad, estipulado para el lunes por la noche.\u00a0<\/strong><\/p>\n\n\n\n<p>Se explic\u00f3 que el \u00e1rea, <strong>que incluye Olavarr\u00eda y ciudades como La Madrid y Laprida,<em> \u201cser\u00e1 afectada por tormentas aisladas, algunas localmente fuertes. Las mismas estar\u00e1n acompa\u00f1adas por r\u00e1fagas que pueden superar los 70 km\/h, ocasional granizo, y abundante ca\u00edda de agua en cortos per\u00edodos\u201d.<\/em><\/strong><\/p>\n\n\n\n<figure class=\"wp-block-image size-full\"><img data-recalc-dims=\"1\" loading=\"lazy\" decoding=\"async\" width=\"602\" height=\"798\" src=\"https:\/\/i0.wp.com\/cdnoticias.com\/wp-content\/uploads\/2025\/03\/WhatsApp-Image-2025-03-16-at-13.09.58.jpeg?resize=602%2C798&#038;ssl=1\" alt=\"\" class=\"wp-image-166757\" srcset=\"https:\/\/i0.wp.com\/cdnoticias.com\/wp-content\/uploads\/2025\/03\/WhatsApp-Image-2025-03-16-at-13.09.58.jpeg?w=602&amp;ssl=1 602w, https:\/\/i0.wp.com\/cdnoticias.com\/wp-content\/uploads\/2025\/03\/WhatsApp-Image-2025-03-16-at-13.09.58.jpeg?resize=226%2C300&amp;ssl=1 226w\" sizes=\"auto, (max-width: 602px) 100vw, 602px\" \/><\/figure>\n\n\n\n<p>Se prev\u00e9n valores de<strong> precipitaci\u00f3n acumulada entre 20 y 40 mm,<\/strong> pudiendo ser superados en forma puntual.<\/p>\n\n\n\n<p><strong>Se espera una m\u00e1xima de 27 grados durante el d\u00eda, con el regreso de los d\u00edas calurosos y antes del inicio del oto\u00f1o. En la semana, las temperaturas oscilar\u00e1n entre los 24 y 27 grados.<\/strong><\/p>\n\n\n\n<p>Lamentablemente,<strong> Bah\u00eda Blanca espera tambi\u00e9n un alerta amarilla por tormentas pero para la tarde del lunes.<\/strong> Si bien el tiempo dio un respiro y permiti\u00f3 realizar importantes trabajos de emergencia en todo el distrito, a\u00fan se est\u00e1 trabajando en zonas anegadas y las lluvias anunciadas no ayudar\u00e1n a los trabajos de limpieza y arreglos.<\/p>\n","protected":false},"excerpt":{"rendered":"<p>Tendr\u00e1 vigencia para el lunes por la noche por fuertes lluvias y vientos fuertes. Ese mismo d\u00eda por la tarde<\/p>\n","protected":false},"author":2,"featured_media":131110,"comment_status":"closed","ping_status":"closed","sticky":false,"template":"","format":"standard","meta":{"_jetpack_memberships_contains_paid_content":false,"footnotes":""},"categories":[5,1],"tags":[],"class_list":["post-166756","post","type-post","status-publish","format-standard","has-post-thumbnail","hentry","category-informacion-general","category-portada"],"jetpack_featured_media_url":"https:\/\/i0.wp.com\/cdnoticias.com\/wp-content\/uploads\/2024\/11\/tormenta-olavarria-lluvias.jpg?fit=1000%2C556&ssl=1","jetpack_sharing_enabled":true,"_links":{"self":[{"href":"https:\/\/cdnoticias.com\/index.php\/wp-json\/wp\/v2\/posts\/166756","targetHints":{"allow":["GET"]}}],"collection":[{"href":"https:\/\/cdnoticias.com\/index.php\/wp-json\/wp\/v2\/posts"}],"about":[{"href":"https:\/\/cdnoticias.com\/index.php\/wp-json\/wp\/v2\/types\/post"}],"author":[{"embeddable":true,"href":"https:\/\/cdnoticias.com\/index.php\/wp-json\/wp\/v2\/users\/2"}],"replies":[{"embeddable":true,"href":"https:\/\/cdnoticias.com\/index.php\/wp-json\/wp\/v2\/comments?post=166756"}],"version-history":[{"count":0,"href":"https:\/\/cdnoticias.com\/index.php\/wp-json\/wp\/v2\/posts\/166756\/revisions"}],"wp:featuredmedia":[{"embeddable":true,"href":"https:\/\/cdnoticias.com\/index.php\/wp-json\/wp\/v2\/media\/131110"}],"wp:attachment":[{"href":"https:\/\/cdnoticias.com\/index.php\/wp-json\/wp\/v2\/media?parent=166756"}],"wp:term":[{"taxonomy":"category","embeddable":true,"href":"https:\/\/cdnoticias.com\/index.php\/wp-json\/wp\/v2\/categories?post=166756"},{"taxonomy":"post_tag","embeddable":true,"href":"https:\/\/cdnoticias.com\/index.php\/wp-json\/wp\/v2\/tags?post=166756"}],"curies":[{"name":"wp","href":"https:\/\/api.w.org\/{rel}","templated":true}]}}