{"id":166754,"date":"2025-03-16T16:12:08","date_gmt":"2025-03-16T19:12:08","guid":{"rendered":"https:\/\/cdnoticias.com\/?p=166754"},"modified":"2025-03-16T16:12:11","modified_gmt":"2025-03-16T19:12:11","slug":"angel-gustavo-munz-rusito-q-e-p-d","status":"publish","type":"post","link":"https:\/\/cdnoticias.com\/index.php\/2025\/03\/16\/angel-gustavo-munz-rusito-q-e-p-d\/","title":{"rendered":"\u00c1ngel Gustavo Munz &#8220;Rusito&#8221; (Q.E.P.D.)"},"content":{"rendered":"\n<hr class=\"wp-block-separator aligncenter has-alpha-channel-opacity\"\/>\n\n\n\n<p>Falleci\u00f3 en Olavarr\u00eda el 16 de marzo de 2025 a los 49 a\u00f1os. Su esposa Noelia P\u00e9rez. Sus hijas Morena y Delfina Munz. Su suegra Mar\u00eda Mu\u00f1oz. Su cu\u00f1ada Milena P\u00e9rez. Su cu\u00f1ado pol\u00edtico Emanuel Villa. Su sobrina Emilia Cavalleri. Sus hermanos Ricardo, Fernando y Marcelo Munz y dem\u00e1s deudos participan su fallecimiento.<\/p>\n\n\n\n<p>Sus restos ser\u00e1n velados en la Sala de Espa\u00f1a 2942 departamento \u201cD\u201d hasta las 00:00 horas de este domingo y reabre a las 07:00 horas, y cremados en el Crematorio Pinos de Paz a las 08:30 horas. Servicio adherido a Coopelectric.&nbsp;<\/p>\n\n\n\n<p>Nacido en Recalde, vecino de Hip\u00f3lito Yrigoyen, empleado rural.<\/p>\n","protected":false},"excerpt":{"rendered":"<p>Falleci\u00f3 en Olavarr\u00eda el 16 de marzo de 2025 a los 49 a\u00f1os. Su esposa Noelia P\u00e9rez. Sus hijas Morena<\/p>\n","protected":false},"author":2,"featured_media":100390,"comment_status":"closed","ping_status":"closed","sticky":false,"template":"","format":"standard","meta":{"_jetpack_memberships_contains_paid_content":false,"footnotes":""},"categories":[10],"tags":[],"class_list":["post-166754","post","type-post","status-publish","format-standard","has-post-thumbnail","hentry","category-necrologicas"],"jetpack_featured_media_url":"https:\/\/i0.wp.com\/cdnoticias.com\/wp-content\/uploads\/2023\/10\/necrologicas-390-x-240.jpg?fit=390%2C240&ssl=1","jetpack_sharing_enabled":true,"_links":{"self":[{"href":"https:\/\/cdnoticias.com\/index.php\/wp-json\/wp\/v2\/posts\/166754","targetHints":{"allow":["GET"]}}],"collection":[{"href":"https:\/\/cdnoticias.com\/index.php\/wp-json\/wp\/v2\/posts"}],"about":[{"href":"https:\/\/cdnoticias.com\/index.php\/wp-json\/wp\/v2\/types\/post"}],"author":[{"embeddable":true,"href":"https:\/\/cdnoticias.com\/index.php\/wp-json\/wp\/v2\/users\/2"}],"replies":[{"embeddable":true,"href":"https:\/\/cdnoticias.com\/index.php\/wp-json\/wp\/v2\/comments?post=166754"}],"version-history":[{"count":0,"href":"https:\/\/cdnoticias.com\/index.php\/wp-json\/wp\/v2\/posts\/166754\/revisions"}],"wp:featuredmedia":[{"embeddable":true,"href":"https:\/\/cdnoticias.com\/index.php\/wp-json\/wp\/v2\/media\/100390"}],"wp:attachment":[{"href":"https:\/\/cdnoticias.com\/index.php\/wp-json\/wp\/v2\/media?parent=166754"}],"wp:term":[{"taxonomy":"category","embeddable":true,"href":"https:\/\/cdnoticias.com\/index.php\/wp-json\/wp\/v2\/categories?post=166754"},{"taxonomy":"post_tag","embeddable":true,"href":"https:\/\/cdnoticias.com\/index.php\/wp-json\/wp\/v2\/tags?post=166754"}],"curies":[{"name":"wp","href":"https:\/\/api.w.org\/{rel}","templated":true}]}}