{"id":166718,"date":"2025-03-15T17:54:36","date_gmt":"2025-03-15T20:54:36","guid":{"rendered":"https:\/\/cdnoticias.com\/?p=166718"},"modified":"2025-03-16T09:54:02","modified_gmt":"2025-03-16T12:54:02","slug":"sorpresa-por-dos-vehiculos-incendiados-en-el-mismo-sector-de-la-ciudad","status":"publish","type":"post","link":"https:\/\/cdnoticias.com\/index.php\/2025\/03\/15\/sorpresa-por-dos-vehiculos-incendiados-en-el-mismo-sector-de-la-ciudad\/","title":{"rendered":"Sorpresa por dos veh\u00edculos incendiados en el mismo sector de la ciudad"},"content":{"rendered":"\n<p>Se conoci\u00f3 que se incendiaron en los \u00faltimos d\u00edas y que hubo intervenci\u00f3n de Bomberos. Ciclistas y vecinos enviaron im\u00e1genes con preocupaci\u00f3n por lo que pudo haber sucedido.<\/p>\n\n\n\n<hr class=\"wp-block-separator aligncenter has-alpha-channel-opacity\"\/>\n\n\n\n<p><strong>El pasado jueves y el pasado 9 de marzo, dos incendios en la zona sur de la ciudad dejaron como saldo a dos autos con p\u00e9rdidas totales<\/strong> y que quedaron, abandonados, en esa zona a algunos metros de distancia. Esto llam\u00f3 la atenci\u00f3n de vecinos y transe\u00fantes que enviaron las im\u00e1genes a los medios.<\/p>\n\n\n\n<p>Es por ello que <strong>en la reconstrucci\u00f3n de lo que pudo haber sucedido, se conoci\u00f3 que uno de los incendios se produjo el pasado 9 de marzo a unos 400 metros del camino Frontera Sur en direcci\u00f3n a Kochi-Tue, jurisdicci\u00f3n a Loma Negra. Se trata de un Volkswagen Bora con p\u00e9rdidas totales.<\/strong><\/p>\n\n\n\n<figure class=\"wp-block-image size-full\"><img data-recalc-dims=\"1\" loading=\"lazy\" decoding=\"async\" width=\"800\" height=\"480\" src=\"https:\/\/i0.wp.com\/cdnoticias.com\/wp-content\/uploads\/2025\/03\/incendio-autos-frontera-sur1.jpg?resize=800%2C480&#038;ssl=1\" alt=\"\" class=\"wp-image-166719\" srcset=\"https:\/\/i0.wp.com\/cdnoticias.com\/wp-content\/uploads\/2025\/03\/incendio-autos-frontera-sur1.jpg?w=1000&amp;ssl=1 1000w, https:\/\/i0.wp.com\/cdnoticias.com\/wp-content\/uploads\/2025\/03\/incendio-autos-frontera-sur1.jpg?resize=300%2C180&amp;ssl=1 300w, https:\/\/i0.wp.com\/cdnoticias.com\/wp-content\/uploads\/2025\/03\/incendio-autos-frontera-sur1.jpg?resize=768%2C461&amp;ssl=1 768w\" sizes=\"auto, (max-width: 800px) 100vw, 800px\" \/><\/figure>\n\n\n\n<p><strong>El pasado jueves, en tanto, se produjo otro incendio, en este caso en la zona de Frontera Sur y La Rioja, cuando un Volkswagen Polo se incendi\u00f3 por completo.<\/strong><\/p>\n\n\n\n<p><strong>En los dos casos, una dotaci\u00f3n de Bomberos acudi\u00f3 para extinguir las llamas<\/strong>. Tras controlar los siniestros, los autos quedaron abandonados en la v\u00eda p\u00fablica, imagen que llam\u00f3 la atenci\u00f3n y que deriv\u00f3 en las consultas vecinales.<\/p>\n","protected":false},"excerpt":{"rendered":"<p>Se conoci\u00f3 que se incendiaron en los \u00faltimos d\u00edas y que hubo intervenci\u00f3n de Bomberos. Ciclistas y vecinos enviaron im\u00e1genes<\/p>\n","protected":false},"author":2,"featured_media":166720,"comment_status":"closed","ping_status":"closed","sticky":false,"template":"","format":"standard","meta":{"_jetpack_memberships_contains_paid_content":false,"footnotes":""},"categories":[14,1],"tags":[],"class_list":["post-166718","post","type-post","status-publish","format-standard","has-post-thumbnail","hentry","category-policiales","category-portada"],"jetpack_featured_media_url":"https:\/\/i0.wp.com\/cdnoticias.com\/wp-content\/uploads\/2025\/03\/incendio-autos-frontera-sur.jpg?fit=1000%2C600&ssl=1","jetpack_sharing_enabled":true,"_links":{"self":[{"href":"https:\/\/cdnoticias.com\/index.php\/wp-json\/wp\/v2\/posts\/166718","targetHints":{"allow":["GET"]}}],"collection":[{"href":"https:\/\/cdnoticias.com\/index.php\/wp-json\/wp\/v2\/posts"}],"about":[{"href":"https:\/\/cdnoticias.com\/index.php\/wp-json\/wp\/v2\/types\/post"}],"author":[{"embeddable":true,"href":"https:\/\/cdnoticias.com\/index.php\/wp-json\/wp\/v2\/users\/2"}],"replies":[{"embeddable":true,"href":"https:\/\/cdnoticias.com\/index.php\/wp-json\/wp\/v2\/comments?post=166718"}],"version-history":[{"count":0,"href":"https:\/\/cdnoticias.com\/index.php\/wp-json\/wp\/v2\/posts\/166718\/revisions"}],"wp:featuredmedia":[{"embeddable":true,"href":"https:\/\/cdnoticias.com\/index.php\/wp-json\/wp\/v2\/media\/166720"}],"wp:attachment":[{"href":"https:\/\/cdnoticias.com\/index.php\/wp-json\/wp\/v2\/media?parent=166718"}],"wp:term":[{"taxonomy":"category","embeddable":true,"href":"https:\/\/cdnoticias.com\/index.php\/wp-json\/wp\/v2\/categories?post=166718"},{"taxonomy":"post_tag","embeddable":true,"href":"https:\/\/cdnoticias.com\/index.php\/wp-json\/wp\/v2\/tags?post=166718"}],"curies":[{"name":"wp","href":"https:\/\/api.w.org\/{rel}","templated":true}]}}