{"id":166693,"date":"2025-03-15T09:06:39","date_gmt":"2025-03-15T12:06:39","guid":{"rendered":"https:\/\/cdnoticias.com\/?p=166693"},"modified":"2025-03-15T10:16:03","modified_gmt":"2025-03-15T13:16:03","slug":"isabel-peralta-viuda-de-sebald-chabela-q-e-p-d","status":"publish","type":"post","link":"https:\/\/cdnoticias.com\/index.php\/2025\/03\/15\/isabel-peralta-viuda-de-sebald-chabela-q-e-p-d\/","title":{"rendered":"Isabel Peralta viuda de Sebald \u201cChabela\u201d (Q.E.P.D)"},"content":{"rendered":"\n<hr class=\"wp-block-separator aligncenter has-alpha-channel-opacity\"\/>\n\n\n\n<p>Falleci\u00f3 en Olavarr\u00eda el 14 de marzo de 2025 a los 67 a\u00f1os.<\/p>\n\n\n\n<p>Sus hijos Mar\u00eda, Jos\u00e9, Marita y Patricia; sus hijos del coraz\u00f3n Eduardo, Mirna e Ivone; sus nietos; sus hijos pol\u00edticos Celeste, David, Daniel, Alicia y dem\u00e1s deudos participan su fallecimiento.<\/p>\n\n\n\n<p>Sus restos ser\u00e1n velados este s\u00e1bado 15 de marzo desde las 08:30 en la sala de Hinojo y, previo responso en la Capilla Ardiente, inhumados en el Cementerio Municipal de Hinojo a las 11:30 horas. Servicio adherido a Coopelectric,\u00a0<\/p>\n\n\n\n<p>Nacida en Olavarr\u00eda, vecina de Hinojo, pensionada.<\/p>\n","protected":false},"excerpt":{"rendered":"<p>Falleci\u00f3 en Olavarr\u00eda el 14 de marzo de 2025 a los 67 a\u00f1os. Sus hijos Mar\u00eda, Jos\u00e9, Marita y Patricia;<\/p>\n","protected":false},"author":2,"featured_media":100390,"comment_status":"closed","ping_status":"closed","sticky":false,"template":"","format":"standard","meta":{"_jetpack_memberships_contains_paid_content":false,"footnotes":""},"categories":[10],"tags":[],"class_list":["post-166693","post","type-post","status-publish","format-standard","has-post-thumbnail","hentry","category-necrologicas"],"jetpack_featured_media_url":"https:\/\/i0.wp.com\/cdnoticias.com\/wp-content\/uploads\/2023\/10\/necrologicas-390-x-240.jpg?fit=390%2C240&ssl=1","jetpack_sharing_enabled":true,"_links":{"self":[{"href":"https:\/\/cdnoticias.com\/index.php\/wp-json\/wp\/v2\/posts\/166693","targetHints":{"allow":["GET"]}}],"collection":[{"href":"https:\/\/cdnoticias.com\/index.php\/wp-json\/wp\/v2\/posts"}],"about":[{"href":"https:\/\/cdnoticias.com\/index.php\/wp-json\/wp\/v2\/types\/post"}],"author":[{"embeddable":true,"href":"https:\/\/cdnoticias.com\/index.php\/wp-json\/wp\/v2\/users\/2"}],"replies":[{"embeddable":true,"href":"https:\/\/cdnoticias.com\/index.php\/wp-json\/wp\/v2\/comments?post=166693"}],"version-history":[{"count":0,"href":"https:\/\/cdnoticias.com\/index.php\/wp-json\/wp\/v2\/posts\/166693\/revisions"}],"wp:featuredmedia":[{"embeddable":true,"href":"https:\/\/cdnoticias.com\/index.php\/wp-json\/wp\/v2\/media\/100390"}],"wp:attachment":[{"href":"https:\/\/cdnoticias.com\/index.php\/wp-json\/wp\/v2\/media?parent=166693"}],"wp:term":[{"taxonomy":"category","embeddable":true,"href":"https:\/\/cdnoticias.com\/index.php\/wp-json\/wp\/v2\/categories?post=166693"},{"taxonomy":"post_tag","embeddable":true,"href":"https:\/\/cdnoticias.com\/index.php\/wp-json\/wp\/v2\/tags?post=166693"}],"curies":[{"name":"wp","href":"https:\/\/api.w.org\/{rel}","templated":true}]}}